{"id":16222,"date":"2023-09-12T19:59:34","date_gmt":"2023-09-12T17:59:34","guid":{"rendered":"https:\/\/indeks.mk\/?p=16222"},"modified":"2023-09-12T19:59:34","modified_gmt":"2023-09-12T17:59:34","slug":"fero-kerkoi-edhe-grua-te-dyte-arbenita-provokon-me-fotografi-te-zjarrta-foto","status":"publish","type":"post","link":"https:\/\/indeks.bilten.mk\/?p=16222","title":{"rendered":"Fero k\u00ebrkoi edhe grua t\u00eb dyt\u00eb, Arbenita provokon me fotografi t\u00eb zjarrta&#8230; (FOTO)"},"content":{"rendered":"<p>Fero dhe Arbenita po kalojn\u00eb nj\u00eb kriz\u00eb n\u00eb \u00e7ift. Madje t\u00eb njejtit jan\u00eb edhe n\u00eb prag t\u00eb divorcit.<\/p>\n<p>Fero tha se gruaja e par\u00eb nuk duhet ta ndal\u00eb burrin q\u00eb ta marr\u00eb gruan e dyt\u00eb.<\/p>\n<p><ins id=\"revive-0-4\" data-revive-zoneid=\"78\" data-revive-ct0=\"INSERT_ENCODED_CLICKURL_HERE\" data-revive-id=\"6d5d2759f6fb33485487bb0c75d69e16\" data-revive-seq=\"4\" data-revive-loaded=\"1\"><\/p>\n<div id=\"beacon_a1b59b649e\"><img loading=\"lazy\" decoding=\"async\" src=\"https:\/\/myads.ninjax.cc\/www\/delivery\/lg.php?bannerid=122&amp;campaignid=2&amp;zoneid=78&amp;loc=https%3A%2F%2Fwww.pacensure.com%2Ffero-kerkoi-nje-grua-te-dyte-arbenita-reagon-me-nje-foto-provokuese%2F&amp;referer=https%3A%2F%2Fwww.pacensure.com%2F&amp;cb=a1b59b649e\" alt=\"\" width=\"0\" height=\"0\" \/>E p\u00ebr k\u00ebt\u00eb nuk ka munguar reagimi i modeles bukuroshe.<\/div>\n<p><\/ins><\/p>\n<p>Ajo ka publikuar nj\u00eb foto me an\u00eb t\u00eb s\u00eb cil\u00ebs anasjelltas ja b\u00ebn\u00ea me dije se cfar\u00eb ka humbur.<\/p>\n<p><img loading=\"lazy\" decoding=\"async\" class=\"alignnone size-medium wp-image-345267 td-animation-stack-type0-2\" src=\"https:\/\/www.pacensure.com\/wp-content\/uploads\/2023\/09\/E8C85A15-1046-483E-8689-B1F20B1E144C-300x283.jpeg\" sizes=\"auto, (max-width: 300px) 100vw, 300px\" srcset=\"https:\/\/www.pacensure.com\/wp-content\/uploads\/2023\/09\/E8C85A15-1046-483E-8689-B1F20B1E144C-300x283.jpeg 300w, https:\/\/www.pacensure.com\/wp-content\/uploads\/2023\/09\/E8C85A15-1046-483E-8689-B1F20B1E144C-1024x967.jpeg 1024w, https:\/\/www.pacensure.com\/wp-content\/uploads\/2023\/09\/E8C85A15-1046-483E-8689-B1F20B1E144C-150x142.jpeg 150w, https:\/\/www.pacensure.com\/wp-content\/uploads\/2023\/09\/E8C85A15-1046-483E-8689-B1F20B1E144C-768x725.jpeg 768w, https:\/\/www.pacensure.com\/wp-content\/uploads\/2023\/09\/E8C85A15-1046-483E-8689-B1F20B1E144C-696x657.jpeg 696w, https:\/\/www.pacensure.com\/wp-content\/uploads\/2023\/09\/E8C85A15-1046-483E-8689-B1F20B1E144C-445x420.jpeg 445w, https:\/\/www.pacensure.com\/wp-content\/uploads\/2023\/09\/E8C85A15-1046-483E-8689-B1F20B1E144C.jpeg 1183w\" alt=\"\" width=\"300\" height=\"283\" \/><\/p>\n<div><\/div>\n","protected":false},"excerpt":{"rendered":"<p>Fero dhe Arbenita po kalojn\u00eb nj\u00eb kriz\u00eb n\u00eb \u00e7ift. Madje t\u00eb njejtit jan\u00eb edhe n\u00eb prag t\u00eb divorcit. Fero tha se gruaja e par\u00eb nuk<\/p>\n","protected":false},"author":14,"featured_media":0,"comment_status":"open","ping_status":"open","sticky":false,"template":"","format":"standard","meta":{"footnotes":""},"categories":[49],"tags":[],"class_list":["post-16222","post","type-post","status-publish","format-standard","hentry","category-showbiz"],"_links":{"self":[{"href":"https:\/\/indeks.bilten.mk\/index.php?rest_route=\/wp\/v2\/posts\/16222","targetHints":{"allow":["GET"]}}],"collection":[{"href":"https:\/\/indeks.bilten.mk\/index.php?rest_route=\/wp\/v2\/posts"}],"about":[{"href":"https:\/\/indeks.bilten.mk\/index.php?rest_route=\/wp\/v2\/types\/post"}],"author":[{"embeddable":true,"href":"https:\/\/indeks.bilten.mk\/index.php?rest_route=\/wp\/v2\/users\/14"}],"replies":[{"embeddable":true,"href":"https:\/\/indeks.bilten.mk\/index.php?rest_route=%2Fwp%2Fv2%2Fcomments&post=16222"}],"version-history":[{"count":0,"href":"https:\/\/indeks.bilten.mk\/index.php?rest_route=\/wp\/v2\/posts\/16222\/revisions"}],"wp:attachment":[{"href":"https:\/\/indeks.bilten.mk\/index.php?rest_route=%2Fwp%2Fv2%2Fmedia&parent=16222"}],"wp:term":[{"taxonomy":"category","embeddable":true,"href":"https:\/\/indeks.bilten.mk\/index.php?rest_route=%2Fwp%2Fv2%2Fcategories&post=16222"},{"taxonomy":"post_tag","embeddable":true,"href":"https:\/\/indeks.bilten.mk\/index.php?rest_route=%2Fwp%2Fv2%2Ftags&post=16222"}],"curies":[{"name":"wp","href":"https:\/\/api.w.org\/{rel}","templated":true}]}}