{"id":16224,"date":"2023-09-12T20:20:17","date_gmt":"2023-09-12T18:20:17","guid":{"rendered":"https:\/\/indeks.mk\/?p=16224"},"modified":"2023-09-12T20:20:17","modified_gmt":"2023-09-12T18:20:17","slug":"gruevski-maksim-dimitrevski-genjen-nuk-jam-takuar-me-artan-grubin","status":"publish","type":"post","link":"https:\/\/indeks.bilten.mk\/?p=16224","title":{"rendered":"Gruevski: Maksim Dimitrevski g\u00ebnjen, nuk jam takuar me Artan Grubin"},"content":{"rendered":"<p>Ish-kryeministri Nikolla Gruevski i cili ndodhet n\u00eb arrati n\u00eb Budapest t\u00eb Hungaris\u00eb ka demantuar pretendimet e kryetarit t\u00eb Kumanov\u00ebs Maksim Dimitrevski se ai ka takuar z\u00ebvend\u00ebskryeministrin e par\u00eb t\u00eb Maqedonis\u00eb s\u00eb Veriut, Artan Grubi p\u00ebr t\u00eb diskutuar mbi ndryshimet n\u00eb Kodin Penal, informon Indeks.mk<\/p>\n<p>\u201cMohoj se jam takuar me Artan Grubin apo Maksim Dimitrievskin n\u00eb Budapest. Her\u00ebn e fundit q\u00eb e kam takuar Artan Grubin ka qen\u00eb n\u00eb selin\u00eb e VMRO-DPMNE-s\u00eb n\u00eb fillim t\u00eb vitit 2017 i shoq\u00ebruar nga Ali Ahmeti. Maksim Dimitrievski ka marr\u00eb udh\u00ebzime\u2026., p\u00ebr t\u00eb shpikur takimet e mia t\u00eb supozuara, nuk mbaj mend ta kem takuar ndonj\u00ebher\u00eb n\u00eb jet\u00ebn time at\u00eb\u201d, ka shkruar Gruevski n\u00eb demantin e tij n\u00eb rrjetin social \u201cFacebook\u201d.<\/p>\n<p>Ai po ashtu demanton se ka gisht edhe n\u00eb iniciativ\u00ebn e kryetares s\u00eb Shkupit p\u00ebr formimin e partis\u00eb s\u00eb re \u201cDrejt\u00ebsia\u201d (Pravda), p\u00ebr t\u00eb cil\u00ebn thot\u00eb se ka marr\u00eb vesh nga mediat.<\/p>\n<p>Kryetari i Kumanov\u00ebs \u2013 Maksim Dimitrievsk ka akuzuar z\u00ebvend\u00ebskryeministrin e par\u00eb Artan Grubi se \u00ebsht\u00eb takuar me ish-kryeministrin Gruevski n\u00eb Budapest t\u00eb Hungaris\u00eb p\u00ebr t\u00eb diskutuar p\u00ebr ndryshimet n\u00eb Kodin Penal.<\/p>\n<p>Pas k\u00ebtyre akuzave i menj\u00ebhersh\u00ebm ka qen\u00eb reagimi i z\u00ebvend\u00ebskryeministrit Grubi i cili ka k\u00ebrkuar nga Dimitrevski t\u00eb k\u00ebrkoj\u00eb falje publike, pasi q\u00eb n\u00eb t\u00eb kund\u00ebrt\u00ebn do ta padis\u00eb p\u00ebr shpifje. Meq\u00eb n\u00eb afatin e parapar\u00eb ligjor prej 24 or\u00ebsh nuk ka k\u00ebrkuar falje publike, z\u00ebvend\u00ebskryeministri Grubi \u00ebsht\u00eb deklaruar se nuk do ta komentoj\u00eb m\u00eb Dimitrevski dhe se me t\u00eb le t\u00eb merret gjyq\u00ebsia.<\/p>\n<p>\u201cAsnj\u00ebher\u00eb n\u00eb jet\u00ebn time nuk kam qen\u00eb n\u00eb Budapest t\u00eb Hungaris\u00eb&#8230;\u201d &#8211; ka deklaruar Grubi.<\/p>\n<p>Ish kryeministri Nikolla Gruevski ndodhet n\u00eb arrati n\u00eb Budapest t\u00eb Hungaris\u00eb p\u00ebr shkak se nga institucionet vendore t\u00eb drejt\u00ebsis\u00eb k\u00ebrkohet p\u00ebr vuajtjen e d\u00ebnimit me burg p\u00ebr disa vepra t\u00eb kryera penale.<strong>(Indeks.mk)<\/strong><\/p>\n<p><iframe loading=\"lazy\" style=\"border: none; overflow: hidden;\" src=\"https:\/\/www.facebook.com\/plugins\/post.php?href=https%3A%2F%2Fwww.facebook.com%2FNGruevski%2Fposts%2Fpfbid0hDqYDU8DGy9Mwr5Qak9zivQFvRwh2oTuGusx4XV6bAvLUyyomqxDV3e1gDwQX37Cl&amp;show_text=true&amp;width=500\" width=\"500\" height=\"749\" frameborder=\"0\" scrolling=\"no\" allowfullscreen=\"allowfullscreen\"><\/iframe><\/p>\n","protected":false},"excerpt":{"rendered":"<p>Ish-kryeministri Nikolla Gruevski i cili ndodhet n\u00eb arrati n\u00eb Budapest t\u00eb Hungaris\u00eb ka demantuar pretendimet e kryetarit t\u00eb Kumanov\u00ebs Maksim Dimitrevski se ai ka takuar<\/p>\n","protected":false},"author":14,"featured_media":16225,"comment_status":"open","ping_status":"open","sticky":false,"template":"","format":"standard","meta":{"footnotes":""},"categories":[44],"tags":[],"class_list":["post-16224","post","type-post","status-publish","format-standard","has-post-thumbnail","hentry","category-maqedoni"],"_links":{"self":[{"href":"https:\/\/indeks.bilten.mk\/index.php?rest_route=\/wp\/v2\/posts\/16224","targetHints":{"allow":["GET"]}}],"collection":[{"href":"https:\/\/indeks.bilten.mk\/index.php?rest_route=\/wp\/v2\/posts"}],"about":[{"href":"https:\/\/indeks.bilten.mk\/index.php?rest_route=\/wp\/v2\/types\/post"}],"author":[{"embeddable":true,"href":"https:\/\/indeks.bilten.mk\/index.php?rest_route=\/wp\/v2\/users\/14"}],"replies":[{"embeddable":true,"href":"https:\/\/indeks.bilten.mk\/index.php?rest_route=%2Fwp%2Fv2%2Fcomments&post=16224"}],"version-history":[{"count":0,"href":"https:\/\/indeks.bilten.mk\/index.php?rest_route=\/wp\/v2\/posts\/16224\/revisions"}],"wp:featuredmedia":[{"embeddable":true,"href":"https:\/\/indeks.bilten.mk\/index.php?rest_route=\/wp\/v2\/media\/16225"}],"wp:attachment":[{"href":"https:\/\/indeks.bilten.mk\/index.php?rest_route=%2Fwp%2Fv2%2Fmedia&parent=16224"}],"wp:term":[{"taxonomy":"category","embeddable":true,"href":"https:\/\/indeks.bilten.mk\/index.php?rest_route=%2Fwp%2Fv2%2Fcategories&post=16224"},{"taxonomy":"post_tag","embeddable":true,"href":"https:\/\/indeks.bilten.mk\/index.php?rest_route=%2Fwp%2Fv2%2Ftags&post=16224"}],"curies":[{"name":"wp","href":"https:\/\/api.w.org\/{rel}","templated":true}]}}