{"id":16227,"date":"2023-09-12T21:30:19","date_gmt":"2023-09-12T19:30:19","guid":{"rendered":"https:\/\/indeks.mk\/?p=16227"},"modified":"2023-09-12T21:30:19","modified_gmt":"2023-09-12T19:30:19","slug":"grubi-nuk-krahasohet-kompania-kineze-me-bechtel-enken-ageler-pajtohem-video","status":"publish","type":"post","link":"https:\/\/indeks.bilten.mk\/?p=16227","title":{"rendered":"Grubi: Nuk krahasohet kompania kineze me \u201cBechtel Enk\u00ebn\u201d, Ageler: PAJTOHEM (VIDEO)"},"content":{"rendered":"<p>Me minimin n\u00eb fshatin Banjic\u00eb e Ep\u00ebrme n\u00eb af\u00ebrsi t\u00eb Gostivarit u sh\u00ebnuan fillimet e punimeve p\u00ebr Korridorin 8 i cili shtrihet nga Tetova n\u00eb Gostivar, vazhdon n\u00eb K\u00ebr\u00e7ov\u00eb e deri n\u00eb Ladorisht t\u00eb Strug\u00ebs ku do t\u00eb jet\u00eb edhe kufiri me Shqip\u00ebrin\u00eb.<\/p>\n<div class=\"gauehypw gauehypw-post-inline gauehypw-float-center gauehypw-align-center gauehypw-column-1 gauehypw-clearfix no-bg-box-model\">\n<div id=\"gauehypw-1372679-330989842\" class=\"gauehypw-container gauehypw-type-custom_code \" data-adid=\"1372679\" data-type=\"custom_code\"><ins><\/p>\n<div id=\"beacon_b1a9e7cbd6\"><img loading=\"lazy\" decoding=\"async\" src=\"https:\/\/ads.tetovasot.com\/www\/delivery\/lg.php?bannerid=0&amp;campaignid=0&amp;zoneid=226&amp;loc=https%3A%2F%2Fwww.tetovasot.com%2F2023%2F09%2Fgrubi-nuk-krahasohet-kompania-kineze-me-bechtel-enken-ageler-pajtohem-video%2F&amp;referer=https%3A%2F%2Fwww.tetovasot.com%2Fmaqedoni%2F&amp;cb=b1a9e7cbd6\" alt=\"\" width=\"0\" height=\"0\" \/>I pyetur p\u00ebr krahasimin midis projektit kinez dhe atij amerikan, zv\/kryeministri i par\u00eb Artan Grubi u shpreh se nj\u00eb projekt i till\u00eb as q\u00eb krahasohet, pasi kinez\u00ebt p\u00ebr 10 vjet nuk e b\u00ebn\u00eb asnj\u00eb met\u00ebr autostrad\u00eb dhe nga 400 milion\u00eb Euro rrit\u00ebn koston n\u00eb 600 milion\u00eb Euro, nd\u00ebrsa amerikan\u00ebt p\u00ebr 6 muaj projektuan autostrad\u00ebn, p\u00ebrcaktuan trasen\u00eb dhe b\u00ebn\u00eb shp\u00ebrthimin e par\u00eb.<\/div>\n<p><\/ins><\/div>\n<\/div>\n<p>\u201c<strong>\u00cbsht\u00eb e pakrahueshme, kinez\u00ebt p\u00ebr 10 vjet nuk e b\u00ebn\u00eb asnj\u00eb met\u00ebr autostrad\u00eb dhe nga 400 milion\u00eb Euro rrit\u00ebn koston n\u00eb 600 milion\u00eb Euro, nd\u00ebrsa amerikan\u00ebt p\u00ebr 6 muaj projektuan autostrad\u00ebn, p\u00ebrcaktuan trasen\u00eb dhe b\u00ebn\u00eb shp\u00ebrthimin e par\u00eb n\u00eb form\u00ebn m\u00eb transparante dhe inkluzive. Qytetar\u00ebt do t\u2019i \u00e7mojn\u00eb vlerat perendimore q\u00eb sjell nj\u00eb nd\u00ebr kompanit\u00eb m\u00eb t\u00eb m\u00ebdha bot\u00ebrore si Bechtel dhe do t\u00eb k\u00ebnaqen me cil\u00ebsin\u00eb dhe shpejt\u00ebsin\u00eb e nd\u00ebrtimit, por edhe do ta b\u00ebjn\u00eb dallimin midis nj\u00eb projekti kinez dhe atij amerikan dhe do ta kuptojn\u00eb pse ne u p\u00ebrcaktuam p\u00ebr amerikan\u00ebt<\/strong>\u201d u shpreh Grubi, p\u00ebrcjell TS.<\/p>\n<div class=\"gauehypw gauehypw-post-middle gauehypw-float-left gauehypw-align-left gauehypw-column-1 gauehypw-clearfix no-bg-box-model\">\n<div id=\"gauehypw-1372679-1779265471\" class=\"gauehypw-container gauehypw-type-custom_code \" data-adid=\"1372679\" data-type=\"custom_code\"><ins><\/p>\n<div id=\"beacon_7f7eb055e3\"><img loading=\"lazy\" decoding=\"async\" src=\"https:\/\/ads.tetovasot.com\/www\/delivery\/lg.php?bannerid=0&amp;campaignid=0&amp;zoneid=226&amp;loc=https%3A%2F%2Fwww.tetovasot.com%2F2023%2F09%2Fgrubi-nuk-krahasohet-kompania-kineze-me-bechtel-enken-ageler-pajtohem-video%2F&amp;referer=https%3A%2F%2Fwww.tetovasot.com%2Fmaqedoni%2F&amp;cb=7f7eb055e3\" alt=\"\" width=\"0\" height=\"0\" \/>Menj\u00ebher\u00eb pas k\u00ebtij krahasimi q\u00eb b\u00ebri Grubi mes kompanis\u00eb kineze dhe asaj amerikane,\u00a0 ambsdaroja e SHBA-s\u00eb, Anxhela Ageler u shpreh shkurt\u00eb:\u00a0<strong>\u201cPAJTOHEM\u201d.<\/strong><\/div>\n<p><\/ins><\/div>\n<\/div>\n<p>Ndryshe nd\u00ebrtimi i Korridorit 8 dhe 10-D do t\u00eb duhet t\u00eb p\u00ebrfundoj\u00eb n\u00eb fund t\u00eb vitit 2027.\/TS\/<\/p>\n<p><iframe loading=\"lazy\" src=\"https:\/\/www.facebook.com\/plugins\/video.php?height=476&amp;href=https%3A%2F%2Fwww.facebook.com%2Ftetovasot2%2Fvideos%2F1710876386062644%2F&amp;show_text=false&amp;width=476&amp;t=0\" width=\"476\" height=\"476\" frameborder=\"0\" scrolling=\"no\" allowfullscreen=\"allowfullscreen\" data-mce-fragment=\"1\"><\/iframe><\/p>\n","protected":false},"excerpt":{"rendered":"<p>Me minimin n\u00eb fshatin Banjic\u00eb e Ep\u00ebrme n\u00eb af\u00ebrsi t\u00eb Gostivarit u sh\u00ebnuan fillimet e punimeve p\u00ebr Korridorin 8 i cili shtrihet nga Tetova n\u00eb<\/p>\n","protected":false},"author":14,"featured_media":16228,"comment_status":"open","ping_status":"open","sticky":false,"template":"","format":"standard","meta":{"footnotes":""},"categories":[44],"tags":[],"class_list":["post-16227","post","type-post","status-publish","format-standard","has-post-thumbnail","hentry","category-maqedoni"],"_links":{"self":[{"href":"https:\/\/indeks.bilten.mk\/index.php?rest_route=\/wp\/v2\/posts\/16227","targetHints":{"allow":["GET"]}}],"collection":[{"href":"https:\/\/indeks.bilten.mk\/index.php?rest_route=\/wp\/v2\/posts"}],"about":[{"href":"https:\/\/indeks.bilten.mk\/index.php?rest_route=\/wp\/v2\/types\/post"}],"author":[{"embeddable":true,"href":"https:\/\/indeks.bilten.mk\/index.php?rest_route=\/wp\/v2\/users\/14"}],"replies":[{"embeddable":true,"href":"https:\/\/indeks.bilten.mk\/index.php?rest_route=%2Fwp%2Fv2%2Fcomments&post=16227"}],"version-history":[{"count":0,"href":"https:\/\/indeks.bilten.mk\/index.php?rest_route=\/wp\/v2\/posts\/16227\/revisions"}],"wp:featuredmedia":[{"embeddable":true,"href":"https:\/\/indeks.bilten.mk\/index.php?rest_route=\/wp\/v2\/media\/16228"}],"wp:attachment":[{"href":"https:\/\/indeks.bilten.mk\/index.php?rest_route=%2Fwp%2Fv2%2Fmedia&parent=16227"}],"wp:term":[{"taxonomy":"category","embeddable":true,"href":"https:\/\/indeks.bilten.mk\/index.php?rest_route=%2Fwp%2Fv2%2Fcategories&post=16227"},{"taxonomy":"post_tag","embeddable":true,"href":"https:\/\/indeks.bilten.mk\/index.php?rest_route=%2Fwp%2Fv2%2Ftags&post=16227"}],"curies":[{"name":"wp","href":"https:\/\/api.w.org\/{rel}","templated":true}]}}