{"id":16230,"date":"2023-09-13T08:46:39","date_gmt":"2023-09-13T06:46:39","guid":{"rendered":"https:\/\/indeks.mk\/?p=16230"},"modified":"2023-09-13T08:46:39","modified_gmt":"2023-09-13T06:46:39","slug":"moti-sot-me-diell-dhe-temperatura-deri-ne-34-grade-celsius","status":"publish","type":"post","link":"https:\/\/indeks.bilten.mk\/?p=16230","title":{"rendered":"Moti sot me diell dhe temperatura deri n\u00eb 34 grad\u00eb Celsius"},"content":{"rendered":"<p>Moti sot n\u00eb\u00a0<a href=\"https:\/\/telegrafi.com\/moti\/maqedoni-veriut\/\">Maqedonin\u00eb e Veriut<\/a>\u00a0do t\u00eb jet\u00eb me diell dhe vran\u00ebsira lokale.<\/p>\n<div class=\"code-block code-block-43 code-block-pas-paragrafit-2t-inarticle\">\n<div>\n<div class=\"code-block-label\">Do t\u00eb fryj\u00eb nj\u00eb er\u00eb e leht\u00eb nga drejtimi jugor i vendit.<\/div>\n<\/div>\n<\/div>\n<p>Temperaturat minimale do t\u00eb l\u00ebvizin prej 6 deri 15, nd\u00ebrsa temperaturat maksimale do t\u00eb l\u00ebvizin prej 29 deri 34 grad\u00eb celsius.<\/p>\n<p>N\u00eb dit\u00ebt n\u00eb vijim moti do t\u00eb jet\u00eb i ngroht\u00eb, nd\u00ebrsa nga dita e premte do t\u00eb ket\u00eb reshje t\u00eb shiut.<\/p>\n","protected":false},"excerpt":{"rendered":"<p>Moti sot n\u00eb\u00a0Maqedonin\u00eb e Veriut\u00a0do t\u00eb jet\u00eb me diell dhe vran\u00ebsira lokale. Do t\u00eb fryj\u00eb nj\u00eb er\u00eb e leht\u00eb nga drejtimi jugor i vendit. Temperaturat<\/p>\n","protected":false},"author":14,"featured_media":0,"comment_status":"open","ping_status":"open","sticky":false,"template":"","format":"standard","meta":{"footnotes":""},"categories":[44],"tags":[],"class_list":["post-16230","post","type-post","status-publish","format-standard","hentry","category-maqedoni"],"_links":{"self":[{"href":"https:\/\/indeks.bilten.mk\/index.php?rest_route=\/wp\/v2\/posts\/16230","targetHints":{"allow":["GET"]}}],"collection":[{"href":"https:\/\/indeks.bilten.mk\/index.php?rest_route=\/wp\/v2\/posts"}],"about":[{"href":"https:\/\/indeks.bilten.mk\/index.php?rest_route=\/wp\/v2\/types\/post"}],"author":[{"embeddable":true,"href":"https:\/\/indeks.bilten.mk\/index.php?rest_route=\/wp\/v2\/users\/14"}],"replies":[{"embeddable":true,"href":"https:\/\/indeks.bilten.mk\/index.php?rest_route=%2Fwp%2Fv2%2Fcomments&post=16230"}],"version-history":[{"count":0,"href":"https:\/\/indeks.bilten.mk\/index.php?rest_route=\/wp\/v2\/posts\/16230\/revisions"}],"wp:attachment":[{"href":"https:\/\/indeks.bilten.mk\/index.php?rest_route=%2Fwp%2Fv2%2Fmedia&parent=16230"}],"wp:term":[{"taxonomy":"category","embeddable":true,"href":"https:\/\/indeks.bilten.mk\/index.php?rest_route=%2Fwp%2Fv2%2Fcategories&post=16230"},{"taxonomy":"post_tag","embeddable":true,"href":"https:\/\/indeks.bilten.mk\/index.php?rest_route=%2Fwp%2Fv2%2Ftags&post=16230"}],"curies":[{"name":"wp","href":"https:\/\/api.w.org\/{rel}","templated":true}]}}