{"id":16232,"date":"2023-09-13T08:53:00","date_gmt":"2023-09-13T06:53:00","guid":{"rendered":"https:\/\/indeks.mk\/?p=16232"},"modified":"2023-09-13T08:53:00","modified_gmt":"2023-09-13T06:53:00","slug":"bytyqi-masat-e-reja-anti-krize-do-te-fillojne-nga-nentori","status":"publish","type":"post","link":"https:\/\/indeks.bilten.mk\/?p=16232","title":{"rendered":"Bytyqi: Masat e reja anti-kriz\u00eb do t\u00eb fillojn\u00eb nga n\u00ebntori"},"content":{"rendered":"<p><strong>\u201cDisa masa anti-kriz\u00ebs, t\u00eb cilat do t\u2019u drejtohen kategorive t\u00eb cenueshme t\u00eb qytetar\u00ebve, duhet t\u00eb jen\u00eb aktive q\u00eb nga fillimi i n\u00ebntorit\u201d, tha z\u00ebvend\u00ebskryeministri p\u00ebrgjegj\u00ebs p\u00ebr \u00e7\u00ebshtjet ekonomike, Fatmir Bytyqi.<\/strong><\/p>\n<div class=\"code-block code-block-43 code-block-pas-paragrafit-2t-inarticle\">\n<div>Ai theksoi se mjetet tashm\u00eb jan\u00eb t\u00eb parapara n\u00eb ribalancin e buxhetit dhe kur t\u00eb kaloj\u00eb procedura parlamentare do t\u00eb shpallen masat.<\/div>\n<\/div>\n<p>\u201cNuk merren masa kund\u00ebr kriz\u00ebs p\u00ebr tregtar\u00ebt, q\u00eb dikush diku t\u00eb llogaris\u00eb di\u00e7ka. Do t\u00eb merren masa kund\u00ebr kriz\u00ebs p\u00ebr qytetar\u00ebt, n\u00eb ndihm\u00eb t\u00eb atyre q\u00eb sot kan\u00eb m\u00eb shum\u00eb nevoj\u00eb. Ne duam t\u00eb merremi me pasojat sepse do t\u2019i zgjidhim shkaqet n\u00eb m\u00ebnyr\u00eb institucionale. Pasojat jan\u00eb ato, sot d\u00ebmin m\u00eb t\u00eb madh e p\u00ebsojn\u00eb p\u00ebrdoruesit e fundit dhe p\u00ebr k\u00ebt\u00eb arsye mendojm\u00eb se duhet t\u00eb fokusohemi me masa, tha Bytyqi n\u00eb konferenc\u00ebn e sotme p\u00ebr media.<\/p>\n<div class=\"ai-viewport-1\" data-insertion-position=\"prepend\" data-selector=\".ai-insert-1-43101816\" data-insertion-no-dbg=\"\" data-code=\"PGRpdiBjbGFzcz0nY29kZS1ibG9jayBjb2RlLWJsb2NrLTEgY29kZS1ibG9jay1pbmFydGljbGUtZGVza3RvcCcgc3R5bGU9J21hcmdpbjogOHB4IGF1dG87IHRleHQtYWxpZ246IGNlbnRlcjsgZGlzcGxheTogYmxvY2s7IGNsZWFyOiBib3RoOyB3aWR0aDogMzAwcHg7IGhlaWdodDogNDIwcHg7IGJhY2tncm91bmQtY29sb3I6ICNmZmZmZmY7Jz4KPGRpdiBzdHlsZT0icG9zaXRpb246IHN0aWNreTsgdG9wOiAxNXB4OyI+CjxkaXYgY2xhc3M9ImNvZGUtYmxvY2stbGFiZWwiPlJla2xhbWE8L2Rpdj4KPGRpdiBkYXRhLWFkLXVuaXQtaWQ9Ii8yMjY0NjY1NzExOC9Jbi1hcnRpY2xlX2JveF8yIj48L2Rpdj4KPC9kaXY+CjxkaXYgc3R5bGU9IiBoZWlnaHQ6IDM5MHB4OyI+PC9kaXY+CjwvZGl2Pgo=\" data-block=\"1\">\n<div class=\"code-block code-block-1 code-block-inarticle-desktop\">\n<div>\n<div class=\"code-block-label\">Ai shtoi se ende po shqyrtohet se cilat grupe t\u00eb cenuara do t\u00eb p\u00ebrfshihen nga masat.<\/div>\n<\/div>\n<\/div>\n<\/div>\n","protected":false},"excerpt":{"rendered":"<p>\u201cDisa masa anti-kriz\u00ebs, t\u00eb cilat do t\u2019u drejtohen kategorive t\u00eb cenueshme t\u00eb qytetar\u00ebve, duhet t\u00eb jen\u00eb aktive q\u00eb nga fillimi i n\u00ebntorit\u201d, tha z\u00ebvend\u00ebskryeministri p\u00ebrgjegj\u00ebs<\/p>\n","protected":false},"author":14,"featured_media":0,"comment_status":"open","ping_status":"open","sticky":false,"template":"","format":"standard","meta":{"footnotes":""},"categories":[44],"tags":[],"class_list":["post-16232","post","type-post","status-publish","format-standard","hentry","category-maqedoni"],"_links":{"self":[{"href":"https:\/\/indeks.bilten.mk\/index.php?rest_route=\/wp\/v2\/posts\/16232","targetHints":{"allow":["GET"]}}],"collection":[{"href":"https:\/\/indeks.bilten.mk\/index.php?rest_route=\/wp\/v2\/posts"}],"about":[{"href":"https:\/\/indeks.bilten.mk\/index.php?rest_route=\/wp\/v2\/types\/post"}],"author":[{"embeddable":true,"href":"https:\/\/indeks.bilten.mk\/index.php?rest_route=\/wp\/v2\/users\/14"}],"replies":[{"embeddable":true,"href":"https:\/\/indeks.bilten.mk\/index.php?rest_route=%2Fwp%2Fv2%2Fcomments&post=16232"}],"version-history":[{"count":0,"href":"https:\/\/indeks.bilten.mk\/index.php?rest_route=\/wp\/v2\/posts\/16232\/revisions"}],"wp:attachment":[{"href":"https:\/\/indeks.bilten.mk\/index.php?rest_route=%2Fwp%2Fv2%2Fmedia&parent=16232"}],"wp:term":[{"taxonomy":"category","embeddable":true,"href":"https:\/\/indeks.bilten.mk\/index.php?rest_route=%2Fwp%2Fv2%2Fcategories&post=16232"},{"taxonomy":"post_tag","embeddable":true,"href":"https:\/\/indeks.bilten.mk\/index.php?rest_route=%2Fwp%2Fv2%2Ftags&post=16232"}],"curies":[{"name":"wp","href":"https:\/\/api.w.org\/{rel}","templated":true}]}}