{"id":16236,"date":"2023-09-13T09:30:46","date_gmt":"2023-09-13T07:30:46","guid":{"rendered":"https:\/\/indeks.mk\/?p=16236"},"modified":"2023-09-13T09:31:04","modified_gmt":"2023-09-13T07:31:04","slug":"ambasada-e-shba-ve-korridori-8-terheq-investime-te-huaja-ne-maqedonine-e-veriut-forcon-marredheniet-shteterore-me-vendet-e-rajonit","status":"publish","type":"post","link":"https:\/\/indeks.bilten.mk\/?p=16236","title":{"rendered":"Ambasada e SHBA-ve: Korridori 8 sjell investime t\u00eb huaja n\u00eb Maqedonin\u00eb e Veriut, forcon marr\u00ebdh\u00ebniet shtet\u00ebrore me vendet e rajonit"},"content":{"rendered":"<p>P\u00ebrmes ceremonis\u00eb s\u00eb detonimit, prej dje kompania prestigjioze \u2018Bechtel \u2013 Enka\u201d filloi me nd\u00ebrtimin e Korridorit 8.<\/p>\n<p>E pranishme n\u00eb fillimin e punimeve ishte dhe ambasadorja e Shteteve t\u00eb Bashkuara t\u00eb Amerik\u00ebs n\u00eb Maqedonin\u00eb e Veriut, Angela Aggeler, shoq\u00ebruar nga z\u00ebvend\u00ebskryeministri i par\u00eb, Artan Grubi, \u00a0ministri i Transportit dhe Lidhjeve, Bllagoj Bo\u00e7varski si dhe drejtori i Nd\u00ebrmarrjes Publike \u201cRrug\u00ebt Shtet\u00ebrore\u201d, Ejup Rustemi.<\/p>\n<p>N\u00eb faqen zyrtare t\u00eb Ambasad\u00ebs s\u00eb SHBA-ve n\u00eb Maqedoni shkruan se projekti Korridori 8 p\u00ebrve\u00e7 r\u00ebnd\u00ebsis\u00eb infrastrukturore, do t\u00eb mund\u00ebsoj l\u00ebvizje m\u00eb t\u00eb lir\u00eb t\u00eb njer\u00ebzve dhe mallrave, duke e kthyer shtetin n\u00eb vend q\u00eb t\u00ebrheq investime t\u00eb huaja.<\/p>\n<p>Statusi i plot\u00eb:<\/p>\n<p>\u201cAmbasadorja Aggeler mori pjes\u00eb n\u00eb fillimin e nd\u00ebrtimit t\u00eb autostrad\u00ebs s\u00eb Korridorit 8 s\u00eb bashku me kabinetin Qeveritar t\u00eb Maqedonis\u00eb s\u00eb Veriut dhe konsorciumin amerikano-turk Bechtel dhe\u00a0 ENKA. Rrug\u00ebt e mira t\u00eb transportit, si\u00e7 \u00ebsht\u00eb Korridori 8, jo thjesht do t\u00eb l\u00ebvizin njer\u00ebzit dhe tregtin\u00eb m\u00eb rrjedhsh\u00ebm, por gjithashtu do t\u00eb t\u00ebrheqin investime n\u00eb Maqedonin\u00eb e Veriut, do t\u00eb ndihmojn\u00eb integrimin rajonal t\u00eb vendit dhe do t\u00eb nd\u00ebrtojn\u00eb marr\u00ebdh\u00ebnie m\u00eb t\u00eb forta me fqinj\u00ebt e tij.\u201d<\/p>\n<p>&nbsp;<\/p>\n<p><iframe loading=\"lazy\" style=\"border: none; overflow: hidden;\" src=\"https:\/\/www.facebook.com\/plugins\/post.php?href=https%3A%2F%2Fwww.facebook.com%2FUSEmbassySkopje%2Fposts%2Fpfbid0eviC1yboddAeVDHQMz7GbzZ9x6e189ufuFNMbLyMRMZi9KbSw5n2wNA3FWZabHWol&amp;show_text=true&amp;width=500\" width=\"500\" height=\"742\" frameborder=\"0\" scrolling=\"no\" allowfullscreen=\"allowfullscreen\"><\/iframe><\/p>\n","protected":false},"excerpt":{"rendered":"<p>P\u00ebrmes ceremonis\u00eb s\u00eb detonimit, prej dje kompania prestigjioze \u2018Bechtel \u2013 Enka\u201d filloi me nd\u00ebrtimin e Korridorit 8. E pranishme n\u00eb fillimin e punimeve ishte dhe<\/p>\n","protected":false},"author":14,"featured_media":16237,"comment_status":"open","ping_status":"open","sticky":false,"template":"","format":"standard","meta":{"footnotes":""},"categories":[44],"tags":[],"class_list":["post-16236","post","type-post","status-publish","format-standard","has-post-thumbnail","hentry","category-maqedoni"],"_links":{"self":[{"href":"https:\/\/indeks.bilten.mk\/index.php?rest_route=\/wp\/v2\/posts\/16236","targetHints":{"allow":["GET"]}}],"collection":[{"href":"https:\/\/indeks.bilten.mk\/index.php?rest_route=\/wp\/v2\/posts"}],"about":[{"href":"https:\/\/indeks.bilten.mk\/index.php?rest_route=\/wp\/v2\/types\/post"}],"author":[{"embeddable":true,"href":"https:\/\/indeks.bilten.mk\/index.php?rest_route=\/wp\/v2\/users\/14"}],"replies":[{"embeddable":true,"href":"https:\/\/indeks.bilten.mk\/index.php?rest_route=%2Fwp%2Fv2%2Fcomments&post=16236"}],"version-history":[{"count":0,"href":"https:\/\/indeks.bilten.mk\/index.php?rest_route=\/wp\/v2\/posts\/16236\/revisions"}],"wp:featuredmedia":[{"embeddable":true,"href":"https:\/\/indeks.bilten.mk\/index.php?rest_route=\/wp\/v2\/media\/16237"}],"wp:attachment":[{"href":"https:\/\/indeks.bilten.mk\/index.php?rest_route=%2Fwp%2Fv2%2Fmedia&parent=16236"}],"wp:term":[{"taxonomy":"category","embeddable":true,"href":"https:\/\/indeks.bilten.mk\/index.php?rest_route=%2Fwp%2Fv2%2Fcategories&post=16236"},{"taxonomy":"post_tag","embeddable":true,"href":"https:\/\/indeks.bilten.mk\/index.php?rest_route=%2Fwp%2Fv2%2Ftags&post=16236"}],"curies":[{"name":"wp","href":"https:\/\/api.w.org\/{rel}","templated":true}]}}