{"id":16240,"date":"2023-09-13T09:41:56","date_gmt":"2023-09-13T07:41:56","guid":{"rendered":"https:\/\/indeks.mk\/?p=16240"},"modified":"2023-09-13T09:42:33","modified_gmt":"2023-09-13T07:42:33","slug":"xhezairi-nje-tv-alsat-nuk-emitoi-lajm-per-korridorin-8-turp","status":"publish","type":"post","link":"https:\/\/indeks.bilten.mk\/?p=16240","title":{"rendered":"Xhezairi: Nj\u00eb TV (Alsat) nuk emitoi lajm p\u00ebr Korridorin 8. Turp!"},"content":{"rendered":"<p>Z\u00ebvend\u00ebskryeministri i par\u00eb Artan Grubi, dit\u00ebn e djeshme njoftoi p\u00ebr jet\u00ebsimin e projektit m\u00eb t\u00eb r\u00ebnd\u00ebsish\u00ebm infrastrukturor n\u00eb vend, Korridori 8.<\/p>\n<p>Nj\u00eb korridor i cil\u00ebsuar si pan-evropian q\u00eb do t\u00eb krijoj\u00eb lidhjen e Maqedonis\u00eb s\u00eb Veriut me shum\u00eb shtete t\u00eb Ballkanit, projekt q\u00eb u rikthye n\u00eb fokus t\u00eb BE-s\u00eb p\u00ebrmes projektit infrastrukturor evropian TEN-T.<\/p>\n<p>Por, sh\u00ebnimi i k\u00ebsaj ngjarje t\u00eb r\u00ebnd\u00ebsishme \u00ebsht\u00eb neglizhuar krejt\u00ebsisht n\u00eb nj\u00eb nga televizonet m\u00eb t\u00eb shikuara n\u00eb vendin ton\u00eb!<\/p>\n<p>Gazetari dhe analisti i mir\u00ebnjohur politik Seladin Xhezairi, n\u00eb statusin e tij n\u00eb Facebook e ka theksuar k\u00ebt\u00eb neglizhenc\u00eb, p\u00ebr t\u00eb cil\u00ebn aludohet se \u00ebsht\u00eb televisioni Alsat M, i cili n\u00eb lajmet e dit\u00ebs nuk kishte nxjerr\u00eb asnj\u00eb kronik\u00eb n\u00eb lidhje me fillimin e punimeve t\u00eb koridorit 8.<\/p>\n<p>\u201cH\u00ebm, i pash lajmet qendrore t\u00eb tv ton\u00eb m\u00eb t\u00eb shikuar, por pa kronik\u00eb p\u00ebr fillimin e punimeve t\u00eb Korridorit VIII! Interesi publik e don, them, nj\u00eb shpjegim! Turp!\u201d, shkruan Xhezairi n\u00eb statusin e tij n\u00eb Facebook.<\/p>\n<p>&nbsp;<\/p>\n","protected":false},"excerpt":{"rendered":"<p>Z\u00ebvend\u00ebskryeministri i par\u00eb Artan Grubi, dit\u00ebn e djeshme njoftoi p\u00ebr jet\u00ebsimin e projektit m\u00eb t\u00eb r\u00ebnd\u00ebsish\u00ebm infrastrukturor n\u00eb vend, Korridori 8. Nj\u00eb korridor i cil\u00ebsuar<\/p>\n","protected":false},"author":14,"featured_media":16241,"comment_status":"open","ping_status":"open","sticky":false,"template":"","format":"standard","meta":{"footnotes":""},"categories":[44],"tags":[],"class_list":["post-16240","post","type-post","status-publish","format-standard","has-post-thumbnail","hentry","category-maqedoni"],"_links":{"self":[{"href":"https:\/\/indeks.bilten.mk\/index.php?rest_route=\/wp\/v2\/posts\/16240","targetHints":{"allow":["GET"]}}],"collection":[{"href":"https:\/\/indeks.bilten.mk\/index.php?rest_route=\/wp\/v2\/posts"}],"about":[{"href":"https:\/\/indeks.bilten.mk\/index.php?rest_route=\/wp\/v2\/types\/post"}],"author":[{"embeddable":true,"href":"https:\/\/indeks.bilten.mk\/index.php?rest_route=\/wp\/v2\/users\/14"}],"replies":[{"embeddable":true,"href":"https:\/\/indeks.bilten.mk\/index.php?rest_route=%2Fwp%2Fv2%2Fcomments&post=16240"}],"version-history":[{"count":0,"href":"https:\/\/indeks.bilten.mk\/index.php?rest_route=\/wp\/v2\/posts\/16240\/revisions"}],"wp:featuredmedia":[{"embeddable":true,"href":"https:\/\/indeks.bilten.mk\/index.php?rest_route=\/wp\/v2\/media\/16241"}],"wp:attachment":[{"href":"https:\/\/indeks.bilten.mk\/index.php?rest_route=%2Fwp%2Fv2%2Fmedia&parent=16240"}],"wp:term":[{"taxonomy":"category","embeddable":true,"href":"https:\/\/indeks.bilten.mk\/index.php?rest_route=%2Fwp%2Fv2%2Fcategories&post=16240"},{"taxonomy":"post_tag","embeddable":true,"href":"https:\/\/indeks.bilten.mk\/index.php?rest_route=%2Fwp%2Fv2%2Ftags&post=16240"}],"curies":[{"name":"wp","href":"https:\/\/api.w.org\/{rel}","templated":true}]}}