{"id":16244,"date":"2023-09-13T10:24:41","date_gmt":"2023-09-13T08:24:41","guid":{"rendered":"https:\/\/indeks.mk\/?p=16244"},"modified":"2023-09-13T10:24:41","modified_gmt":"2023-09-13T08:24:41","slug":"besimi-ne-tremujorin-e-fundit-te-vitit-pritet-pershpejtimi-i-realizimit-te-shpenzimeve-kapitale","status":"publish","type":"post","link":"https:\/\/indeks.bilten.mk\/?p=16244","title":{"rendered":"Besimi: N\u00eb tremujorin e fundit t\u00eb vitit pritet p\u00ebrshpejtimi i realizimit t\u00eb shpenzimeve kapitale"},"content":{"rendered":"<p>Shpenzimet kapitale me 11 shtator jan\u00eb realizuar n\u00eb vler\u00eb prej 26 miliard\u00eb denar\u00eb, ose q\u00eb \u00ebsht\u00eb nj\u00eb rritje prej 136% n\u00eb krahasim me vitin e kaluar. Vazhdimisht po punohet p\u00ebr rritjen e shum\u00ebs p\u00ebr shpenzime kapitale n\u00eb buxhet, por edhe p\u00ebr p\u00ebrmir\u00ebsimin e realizimit t\u00eb tyre, p\u00ebr shkak t\u00eb efektit t\u00eb tyre shum\u00ebfishues n\u00eb ekonomi, theksoi ministri i Financave, Fatmir Besimi.<\/p>\n<div class=\"code-block code-block-43 code-block-pas-paragrafit-2t-inarticle\">\n<div>Besimi p\u00ebr \u201cTVM\u201d theksoi se ridrejtimi i nj\u00eb pjese t\u00eb mjeteve nga shpenzimet kapitale me rishp\u00ebrndarjen n\u00eb Buxhet, p\u00ebr rritjen e pagave n\u00eb sektorin publik dhe pensionet, \u00ebsht\u00eb nga projektet ku e lejon dinamika e realizimit, si dhe se kursimet e konsiderueshme me rishp\u00ebrndarja b\u00ebhet edhe n\u00eb artikullin dhe sh\u00ebrbimin e mallrave.<\/div>\n<\/div>\n<p>Ministri tha se n\u00eb vitet e fundit jan\u00eb futur disa mekanizma buxhetor p\u00ebr p\u00ebrmir\u00ebsimin e realizimit t\u00eb shpenzimeve kapitale nga institucionet. Nj\u00eb prej tyre \u00ebsht\u00eb mekanizmi KAPEF, me t\u00eb cilin vendosen objektiva tre mujor\u00eb dhe n\u00ebse zbatimi d\u00ebshton, institucionet rezervojn\u00eb fondet p\u00ebr kapitalin q\u00eb nuk i kan\u00eb shfryt\u00ebzuar.<\/p>\n<div class=\"ai-viewport-1\" data-insertion-position=\"prepend\" data-selector=\".ai-insert-1-43355717\" data-insertion-no-dbg=\"\" data-code=\"PGRpdiBjbGFzcz0nY29kZS1ibG9jayBjb2RlLWJsb2NrLTEgY29kZS1ibG9jay1pbmFydGljbGUtZGVza3RvcCcgc3R5bGU9J21hcmdpbjogOHB4IGF1dG87IHRleHQtYWxpZ246IGNlbnRlcjsgZGlzcGxheTogYmxvY2s7IGNsZWFyOiBib3RoOyB3aWR0aDogMzAwcHg7IGhlaWdodDogNDIwcHg7IGJhY2tncm91bmQtY29sb3I6ICNmZmZmZmY7Jz4KPGRpdiBzdHlsZT0icG9zaXRpb246IHN0aWNreTsgdG9wOiAxNXB4OyI+CjxkaXYgY2xhc3M9ImNvZGUtYmxvY2stbGFiZWwiPlJla2xhbWE8L2Rpdj4KPGRpdiBkYXRhLWFkLXVuaXQtaWQ9Ii8yMjY0NjY1NzExOC9Jbi1hcnRpY2xlX2JveF8yIj48L2Rpdj4KPC9kaXY+CjxkaXYgc3R5bGU9IiBoZWlnaHQ6IDM5MHB4OyI+PC9kaXY+CjwvZGl2Pgo=\" data-block=\"1\">\n<div class=\"code-block code-block-1 code-block-inarticle-desktop\">\n<div>\n<div class=\"code-block-label\">\u201cDuhet theksuar se gjat\u00eb rishp\u00ebrndarjes s\u00eb buxhetit z\u00ebrat e projekteve individuale reduktohen sipas dinamik\u00ebs s\u00eb realizimit. K\u00ebto jan\u00eb kryesisht fonde nga programet e zhvillimit p\u00ebrmes kreditor\u00ebve t\u00eb huaj. N\u00ebse n\u00eb fund t\u00eb vitit dinamika e zbatimit p\u00ebrshpejtohet, fondet do t\u00eb t\u00ebrhiqen\u201d, tha ministri i Financave.<\/div>\n<\/div>\n<\/div>\n<\/div>\n<p>Ai gjithashtu thekson se n\u00eb tremujorin e fundit t\u00eb vitit, si \u00e7do vit, pritet nj\u00eb p\u00ebrshpejtim i realizimit t\u00eb shpenzimeve kapitale. \/Telegrafi\/<\/p>\n<div class=\"code-block code-block-46 code-block-instream-fundposti\"><\/div>\n","protected":false},"excerpt":{"rendered":"<p>Shpenzimet kapitale me 11 shtator jan\u00eb realizuar n\u00eb vler\u00eb prej 26 miliard\u00eb denar\u00eb, ose q\u00eb \u00ebsht\u00eb nj\u00eb rritje prej 136% n\u00eb krahasim me vitin e<\/p>\n","protected":false},"author":14,"featured_media":0,"comment_status":"open","ping_status":"open","sticky":false,"template":"","format":"standard","meta":{"footnotes":""},"categories":[44],"tags":[],"class_list":["post-16244","post","type-post","status-publish","format-standard","hentry","category-maqedoni"],"_links":{"self":[{"href":"https:\/\/indeks.bilten.mk\/index.php?rest_route=\/wp\/v2\/posts\/16244","targetHints":{"allow":["GET"]}}],"collection":[{"href":"https:\/\/indeks.bilten.mk\/index.php?rest_route=\/wp\/v2\/posts"}],"about":[{"href":"https:\/\/indeks.bilten.mk\/index.php?rest_route=\/wp\/v2\/types\/post"}],"author":[{"embeddable":true,"href":"https:\/\/indeks.bilten.mk\/index.php?rest_route=\/wp\/v2\/users\/14"}],"replies":[{"embeddable":true,"href":"https:\/\/indeks.bilten.mk\/index.php?rest_route=%2Fwp%2Fv2%2Fcomments&post=16244"}],"version-history":[{"count":0,"href":"https:\/\/indeks.bilten.mk\/index.php?rest_route=\/wp\/v2\/posts\/16244\/revisions"}],"wp:attachment":[{"href":"https:\/\/indeks.bilten.mk\/index.php?rest_route=%2Fwp%2Fv2%2Fmedia&parent=16244"}],"wp:term":[{"taxonomy":"category","embeddable":true,"href":"https:\/\/indeks.bilten.mk\/index.php?rest_route=%2Fwp%2Fv2%2Fcategories&post=16244"},{"taxonomy":"post_tag","embeddable":true,"href":"https:\/\/indeks.bilten.mk\/index.php?rest_route=%2Fwp%2Fv2%2Ftags&post=16244"}],"curies":[{"name":"wp","href":"https:\/\/api.w.org\/{rel}","templated":true}]}}