{"id":16246,"date":"2023-09-13T11:53:03","date_gmt":"2023-09-13T09:53:03","guid":{"rendered":"https:\/\/indeks.mk\/?p=16246"},"modified":"2023-09-13T11:53:03","modified_gmt":"2023-09-13T09:53:03","slug":"kovacevski-procesi-i-ndryshimeve-kushtetuese-nuk-mund-te-nderpritet-behet-fjale-per-te-ardhmen-e-vendit","status":"publish","type":"post","link":"https:\/\/indeks.bilten.mk\/?p=16246","title":{"rendered":"Kova\u00e7evski: Procesi i ndryshimeve kushtetuese nuk mund t\u00eb nd\u00ebrpritet, b\u00ebhet fjal\u00eb p\u00ebr t\u00eb ardhmen e vendit"},"content":{"rendered":"<p>Kryeministri i vendit Dimitar Kova\u00e7evski, deklaroi sot se procesi i ndryshimeve kushtetuese nuk mund t\u00eb nd\u00ebrpritet, sepse sipas tij b\u00ebhet fjal\u00eb p\u00ebr proces nga i cili varet ardhm\u00ebria e vendit.<\/p>\n<div class=\"code-block code-block-43 code-block-pas-paragrafit-2t-inarticle\">\n<div>\n<div id=\"ad-id-\/22646657118\/in-article_box_1-6912645148306304\" data-ad-unit-id=\"\/22646657118\/In-article_box_1\">\u201cDeri n\u00eb fund t\u00eb k\u00ebtij mandati parlamentare kemi edhe afro nj\u00eb vit. Kjo \u00ebsht\u00eb nj\u00eb shans q\u00eb nuk duhet ta l\u00ebshojm\u00eb. Gjithsecili duhet t\u00eb marr p\u00ebrgjegj\u00ebsi. Ndryshimet kushtetuese jan\u00eb proces i cili nuk mund t\u00eb nd\u00ebrpritet. Pse t\u00eb nd\u00ebrpritet nj\u00eb proces nga i cili varet ardhm\u00ebria e shtetit.<\/div>\n<\/div>\n<\/div>\n<p>Interesat strategjike edhe t\u00eb shteteve m\u00eb t\u00eb m\u00ebdha t\u00eb BE-s\u00eb, nuk jan\u00eb t\u00eb p\u00ebrhershme dhe t\u00eb shpeshta, andaj ky shans duhet t\u00eb shfryt\u00ebzohet dhe t\u00eb nd\u00ebrtojm\u00eb nj\u00eb shtet q\u00eb do t\u00eb jet\u00eb shum\u00eb m\u00eb i mir\u00eb p\u00ebr qytetar\u00ebt tan\u00eb, q\u00eb edhe qytetar\u00ebt tan\u00eb q\u00eb jan\u00eb larguar nga vendi jon\u00eb, t\u00eb shohin se k\u00ebtu kemi kushte t\u00eb mira dhe t\u00eb mund t\u00eb kthehen n\u00eb vendin e tyre dhe t\u00eb mos ken\u00eb nevoj\u00eb t\u00eb jetojn\u00eb n\u00eb vendet t\u00eb huaja\u201d, deklaroi Dimitar Kova\u00e7evski.<\/p>\n<div class=\"ai-viewport-1\" data-insertion-position=\"prepend\" data-selector=\".ai-insert-1-59406667\" data-insertion-no-dbg=\"\" data-code=\"PGRpdiBjbGFzcz0nY29kZS1ibG9jayBjb2RlLWJsb2NrLTEgY29kZS1ibG9jay1pbmFydGljbGUtZGVza3RvcCcgc3R5bGU9J21hcmdpbjogOHB4IGF1dG87IHRleHQtYWxpZ246IGNlbnRlcjsgZGlzcGxheTogYmxvY2s7IGNsZWFyOiBib3RoOyB3aWR0aDogMzAwcHg7IGhlaWdodDogNDIwcHg7IGJhY2tncm91bmQtY29sb3I6ICNmZmZmZmY7Jz4KPGRpdiBzdHlsZT0icG9zaXRpb246IHN0aWNreTsgdG9wOiAxNXB4OyI+CjxkaXYgY2xhc3M9ImNvZGUtYmxvY2stbGFiZWwiPlJla2xhbWE8L2Rpdj4KPGRpdiBkYXRhLWFkLXVuaXQtaWQ9Ii8yMjY0NjY1NzExOC9Jbi1hcnRpY2xlX2JveF8yIj48L2Rpdj4KPC9kaXY+CjxkaXYgc3R5bGU9IiBoZWlnaHQ6IDM5MHB4OyI+PC9kaXY+CjwvZGl2Pgo=\" data-block=\"1\">\n<div class=\"code-block code-block-1 code-block-inarticle-desktop\">\n<div>\n<div class=\"code-block-label\">Kova\u00e7evski foli edhe p\u00ebr mund\u00ebsin\u00eb e amnistis\u00eb p\u00ebr disa t\u00eb burgosur, ku tha se \u00ebsht\u00eb fakt q\u00eb burgjet jan\u00eb t\u00eb mbingarkuara, kjo \u00ebsht\u00eb fakt dhe n\u00ebse pyesni deri te drejtor\u00ebt e burgjeve, do ta konfirmoj\u00eb t\u00eb nj\u00ebjt\u00ebn.<\/div>\n<\/div>\n<\/div>\n<\/div>\n<p>\u201cKa edhe instrumente tjera n\u00eb lidhje me d\u00ebnimin, kjo \u00ebsht\u00eb pun\u00eb e caktuar p\u00ebr q\u00ebllime t\u00eb shoq\u00ebris\u00eb q\u00eb mund t\u00eb b\u00ebhen e k\u00ebshtu me radh\u00eb. Ministria e Drejt\u00ebsis\u00eb nj\u00eb koh\u00eb t\u00eb gjat\u00eb punon p\u00ebr k\u00ebt\u00eb zgjidhje ligjore dhe ministri i Drejt\u00ebsis\u00eb kishte edhe deklarat\u00eb publike n\u00eb lidhje me k\u00ebt\u00eb ligj. Un\u00eb deri tani nuk kam d\u00ebgjuar komente t\u00eb k\u00ebqija, marr\u00eb parasysh se b\u00ebhet fjal\u00eb p\u00ebr uljen e d\u00ebnimeve p\u00ebr ata q\u00eb tashm\u00eb kan\u00eb nisur me vuajtje t\u00eb d\u00ebnimit, megjithat\u00eb nuk p\u00ebrfshin vepra q\u00eb jan\u00eb t\u00eb natyr\u00ebs m\u00eb t\u00eb r\u00ebnd\u00eb\u201d, tha Kova\u00e7evski duke shtuar se propozim ligji duhet t\u00eb hyj\u00eb n\u00eb procedur\u00eb qeveritare q\u00eb m\u00eb pas t\u00eb kaloj\u00eb n\u00eb Kuvend.<\/p>\n","protected":false},"excerpt":{"rendered":"<p>Kryeministri i vendit Dimitar Kova\u00e7evski, deklaroi sot se procesi i ndryshimeve kushtetuese nuk mund t\u00eb nd\u00ebrpritet, sepse sipas tij b\u00ebhet fjal\u00eb p\u00ebr proces nga i<\/p>\n","protected":false},"author":14,"featured_media":0,"comment_status":"open","ping_status":"open","sticky":false,"template":"","format":"standard","meta":{"footnotes":""},"categories":[44],"tags":[],"class_list":["post-16246","post","type-post","status-publish","format-standard","hentry","category-maqedoni"],"_links":{"self":[{"href":"https:\/\/indeks.bilten.mk\/index.php?rest_route=\/wp\/v2\/posts\/16246","targetHints":{"allow":["GET"]}}],"collection":[{"href":"https:\/\/indeks.bilten.mk\/index.php?rest_route=\/wp\/v2\/posts"}],"about":[{"href":"https:\/\/indeks.bilten.mk\/index.php?rest_route=\/wp\/v2\/types\/post"}],"author":[{"embeddable":true,"href":"https:\/\/indeks.bilten.mk\/index.php?rest_route=\/wp\/v2\/users\/14"}],"replies":[{"embeddable":true,"href":"https:\/\/indeks.bilten.mk\/index.php?rest_route=%2Fwp%2Fv2%2Fcomments&post=16246"}],"version-history":[{"count":0,"href":"https:\/\/indeks.bilten.mk\/index.php?rest_route=\/wp\/v2\/posts\/16246\/revisions"}],"wp:attachment":[{"href":"https:\/\/indeks.bilten.mk\/index.php?rest_route=%2Fwp%2Fv2%2Fmedia&parent=16246"}],"wp:term":[{"taxonomy":"category","embeddable":true,"href":"https:\/\/indeks.bilten.mk\/index.php?rest_route=%2Fwp%2Fv2%2Fcategories&post=16246"},{"taxonomy":"post_tag","embeddable":true,"href":"https:\/\/indeks.bilten.mk\/index.php?rest_route=%2Fwp%2Fv2%2Ftags&post=16246"}],"curies":[{"name":"wp","href":"https:\/\/api.w.org\/{rel}","templated":true}]}}