{"id":16248,"date":"2023-09-13T12:03:55","date_gmt":"2023-09-13T10:03:55","guid":{"rendered":"https:\/\/indeks.mk\/?p=16248"},"modified":"2023-09-13T12:03:55","modified_gmt":"2023-09-13T10:03:55","slug":"mora-sinjal-nga-zoti-nazi-i-grupit-aurora-tregon-se-si-komunikon-me-zotin","status":"publish","type":"post","link":"https:\/\/indeks.bilten.mk\/?p=16248","title":{"rendered":"\u201cMora sinjal nga Zoti\u201d, Nazi i grupit &#8220;Aurora&#8221; tregon se si komunikon me Zotin&#8230;"},"content":{"rendered":"<p>K\u00ebng\u00ebtari i Grupit Aurora, Nazmi Sfishta \u2013 Nazi ishte mysafir n\u00eb emisionin LIBERO n\u00eb ATV.<\/p>\n<p>Ai n\u00eb k\u00ebt\u00eb emision rr\u00ebfeu shum\u00eb nga jeta e saj private.<\/p>\n<p>Nj\u00eb nga bisedat e tij n\u00eb k\u00ebt\u00eb emision ishte edhe pretendimi i tij se komunikon me Zotin, majde edhe tregoi se si mund t\u00eb komunikohet me t\u00eb.<\/p>\n<p>\u201cZoti komunikon me disa njer\u00ebz p\u00ebrmes formave t\u00eb ndryshme, p\u00ebrmes \u00ebndrrave, p\u00ebrmes engj\u00ebjve, p\u00ebrmes frym\u00ebzimeve, p\u00ebrmes asaj q\u00eb ty t\u00eb vjen shpirtnisht p\u00ebr me e realizu, por k\u00ebto jan\u00eb gjuh\u00eb shum\u00eb t\u00eb thella, t\u00eb cilat nuk i shpjegon dot gjuha e shkenc\u00ebs, sepse shkenca fol\u00eb p\u00ebr 5 shqisa, por p\u00ebr shqis\u00ebn e gjasht\u00eb q\u00eb \u00ebsht\u00eb ndjeshm\u00ebria q\u00eb lidhet me shpirtin, nuk ka mund\u00ebsi, vet\u00ebm spekulon. Madje nuk ia q\u00ebllon asnj\u00ebher\u00eb t\u00eb v\u00ebrtet\u00ebn\u201d, thot\u00eb Nazi.\u00a0 \/atvlive.tv<\/p>\n","protected":false},"excerpt":{"rendered":"<p>K\u00ebng\u00ebtari i Grupit Aurora, Nazmi Sfishta \u2013 Nazi ishte mysafir n\u00eb emisionin LIBERO n\u00eb ATV. Ai n\u00eb k\u00ebt\u00eb emision rr\u00ebfeu shum\u00eb nga jeta e saj<\/p>\n","protected":false},"author":14,"featured_media":16249,"comment_status":"open","ping_status":"open","sticky":false,"template":"","format":"standard","meta":{"footnotes":""},"categories":[49],"tags":[],"class_list":["post-16248","post","type-post","status-publish","format-standard","has-post-thumbnail","hentry","category-showbiz"],"_links":{"self":[{"href":"https:\/\/indeks.bilten.mk\/index.php?rest_route=\/wp\/v2\/posts\/16248","targetHints":{"allow":["GET"]}}],"collection":[{"href":"https:\/\/indeks.bilten.mk\/index.php?rest_route=\/wp\/v2\/posts"}],"about":[{"href":"https:\/\/indeks.bilten.mk\/index.php?rest_route=\/wp\/v2\/types\/post"}],"author":[{"embeddable":true,"href":"https:\/\/indeks.bilten.mk\/index.php?rest_route=\/wp\/v2\/users\/14"}],"replies":[{"embeddable":true,"href":"https:\/\/indeks.bilten.mk\/index.php?rest_route=%2Fwp%2Fv2%2Fcomments&post=16248"}],"version-history":[{"count":0,"href":"https:\/\/indeks.bilten.mk\/index.php?rest_route=\/wp\/v2\/posts\/16248\/revisions"}],"wp:featuredmedia":[{"embeddable":true,"href":"https:\/\/indeks.bilten.mk\/index.php?rest_route=\/wp\/v2\/media\/16249"}],"wp:attachment":[{"href":"https:\/\/indeks.bilten.mk\/index.php?rest_route=%2Fwp%2Fv2%2Fmedia&parent=16248"}],"wp:term":[{"taxonomy":"category","embeddable":true,"href":"https:\/\/indeks.bilten.mk\/index.php?rest_route=%2Fwp%2Fv2%2Fcategories&post=16248"},{"taxonomy":"post_tag","embeddable":true,"href":"https:\/\/indeks.bilten.mk\/index.php?rest_route=%2Fwp%2Fv2%2Ftags&post=16248"}],"curies":[{"name":"wp","href":"https:\/\/api.w.org\/{rel}","templated":true}]}}