{"id":16251,"date":"2023-09-13T12:07:13","date_gmt":"2023-09-13T10:07:13","guid":{"rendered":"https:\/\/indeks.mk\/?p=16251"},"modified":"2023-09-13T12:07:13","modified_gmt":"2023-09-13T10:07:13","slug":"babai-i-jasir-asanit-kam-qare-dite-e-nate-per-ate-gol-dhe-fitore","status":"publish","type":"post","link":"https:\/\/indeks.bilten.mk\/?p=16251","title":{"rendered":"Babai i Jasir Asanit: Kam qar\u00eb dit\u00eb e nat\u00eb p\u00ebr at\u00eb gol dhe fitore"},"content":{"rendered":"<p>Nga Klaudio Ndreca<ins id=\"revive-0-4\" data-revive-zoneid=\"78\" data-revive-ct0=\"INSERT_ENCODED_CLICKURL_HERE\" data-revive-id=\"6d5d2759f6fb33485487bb0c75d69e16\" data-revive-seq=\"4\" data-revive-loaded=\"1\"><\/p>\n<div id=\"beacon_ebe4358648\"><img loading=\"lazy\" decoding=\"async\" src=\"https:\/\/myads.ninjax.cc\/www\/delivery\/lg.php?bannerid=122&amp;campaignid=2&amp;zoneid=78&amp;loc=https%3A%2F%2Fwww.pacensure.com%2Fbabai-i-jasir-asanit-kam-qare-gjithe-naten-dhe-diten-per-ate-gol-dhe-fitore%2F&amp;referer=https%3A%2F%2Fwww.pacensure.com%2Fcategory%2Fpacensur%2F&amp;cb=ebe4358648\" alt=\"\" width=\"0\" height=\"0\" \/><\/div>\n<div>Jasir Asani \u00ebsht\u00eb padyshim lojtari i momentit te Shqip\u00ebria. Super goli i realizuar kund\u00ebr Polonis\u00eb i la t\u00eb gjith\u00eb pa fjal\u00eb, pasi ishte nj\u00eb \u00e7menduri. Por Jasiri ka filluar q\u00eb t\u00eb na m\u00ebsoj\u00eb shpesh me realizime nga distanca t\u00eb pamundura. Mjafton t\u00eb shohim edhe nj\u00ebher\u00eb ritransmetimin e atij goli, teksa sapo Jasiri shtron topin p\u00ebr goditje, t\u00eb gjith\u00eb tifoz\u00ebt ngrihen n\u00eb k\u00ebmb\u00eb n\u00eb Air Albania, si ta ndienin se ai top do t\u00eb hynte n\u00eb rrjet\u00eb \u201c\u00e7mendurisht\u201d.<\/div>\n<p><\/ins><\/p>\n<p>Por kush \u00ebsht\u00eb njeriu m\u00eb i lumtur n\u00eb bot\u00eb p\u00ebr momentin? Sport Ekspres \u201ce gjeti\u201d, babai i Jasir Asanit e thot\u00eb i bindur dhe mes krenaris\u00eb s\u00eb madhe: \u201cJam un\u00eb\u201d. \u00cbsht\u00eb njeriu q\u00eb sakrifikoi jo pak p\u00ebr djalin e tij, ku mes nj\u00eb rroge modeste, nuk i la asgj\u00eb pa plot\u00ebsuar f\u00ebmij\u00ebs n\u00eb \u00ebndrr\u00ebn p\u00ebr t\u2019u b\u00ebr\u00eb nj\u00eb futbollist i madh. P\u00ebr fatin e mir\u00eb, pasi \u00ebsht\u00eb pik\u00ebrisht Jasiri nj\u00eb prej lojtar\u00ebve q\u00eb po e d\u00ebrgon Shqip\u00ebrin\u00eb n\u00eb Europian.<\/p>\n<p>\u201cJam krenar q\u00eb djali im ka dh\u00ebn\u00eb shum\u00eb kontribut p\u00ebr popullin shqiptar edhe pse priti shum\u00eb p\u00ebr thirrjen n\u00eb Komb\u00ebtare. Jam njeriu m\u00eb i lumtur n\u00eb bot\u00eb n\u00eb k\u00ebto momente. Jasiri luajti shum\u00eb bukur, bashk\u00eb me djemt\u00eb e tjer\u00eb. Nj\u00eb fal\u00ebnderim i madh p\u00ebr presidentin Armand Duka dhe Silvinjon q\u00eb ia dhan\u00eb shansin t\u00eb tregoj\u00eb veten edhe Jasiri, q\u00eb e meriton Shqip\u00ebrin\u00eb. Pa ndihm\u00ebn e Zotit nuk do t\u00eb kishim arritur deri k\u00ebtu. Nuk dua t\u00eb flas shum\u00eb p\u00ebr Maqedonin\u00eb e Veriut pasi d\u00ebshira e Asanit, q\u00eb n\u00eb f\u00ebmij\u00ebri na thoshte: \u201cDua t\u00eb luaj p\u00ebr Shqip\u00ebrin\u00eb\u201d. Jo vet\u00ebm un\u00eb, por e gjith\u00eb familja ime e ka ushqyer me frym\u00eb Komb\u00ebtare. Isha un\u00eb q\u00eb e kam shtyr\u00eb drejt futbollit pasi kishte talent.<\/p>\n","protected":false},"excerpt":{"rendered":"<p>Nga Klaudio Ndreca Jasir Asani \u00ebsht\u00eb padyshim lojtari i momentit te Shqip\u00ebria. Super goli i realizuar kund\u00ebr Polonis\u00eb i la t\u00eb gjith\u00eb pa fjal\u00eb, pasi<\/p>\n","protected":false},"author":14,"featured_media":16252,"comment_status":"open","ping_status":"open","sticky":false,"template":"","format":"standard","meta":{"footnotes":""},"categories":[48],"tags":[],"class_list":["post-16251","post","type-post","status-publish","format-standard","has-post-thumbnail","hentry","category-sport"],"_links":{"self":[{"href":"https:\/\/indeks.bilten.mk\/index.php?rest_route=\/wp\/v2\/posts\/16251","targetHints":{"allow":["GET"]}}],"collection":[{"href":"https:\/\/indeks.bilten.mk\/index.php?rest_route=\/wp\/v2\/posts"}],"about":[{"href":"https:\/\/indeks.bilten.mk\/index.php?rest_route=\/wp\/v2\/types\/post"}],"author":[{"embeddable":true,"href":"https:\/\/indeks.bilten.mk\/index.php?rest_route=\/wp\/v2\/users\/14"}],"replies":[{"embeddable":true,"href":"https:\/\/indeks.bilten.mk\/index.php?rest_route=%2Fwp%2Fv2%2Fcomments&post=16251"}],"version-history":[{"count":0,"href":"https:\/\/indeks.bilten.mk\/index.php?rest_route=\/wp\/v2\/posts\/16251\/revisions"}],"wp:featuredmedia":[{"embeddable":true,"href":"https:\/\/indeks.bilten.mk\/index.php?rest_route=\/wp\/v2\/media\/16252"}],"wp:attachment":[{"href":"https:\/\/indeks.bilten.mk\/index.php?rest_route=%2Fwp%2Fv2%2Fmedia&parent=16251"}],"wp:term":[{"taxonomy":"category","embeddable":true,"href":"https:\/\/indeks.bilten.mk\/index.php?rest_route=%2Fwp%2Fv2%2Fcategories&post=16251"},{"taxonomy":"post_tag","embeddable":true,"href":"https:\/\/indeks.bilten.mk\/index.php?rest_route=%2Fwp%2Fv2%2Ftags&post=16251"}],"curies":[{"name":"wp","href":"https:\/\/api.w.org\/{rel}","templated":true}]}}