{"id":16254,"date":"2023-09-13T12:17:13","date_gmt":"2023-09-13T10:17:13","guid":{"rendered":"https:\/\/indeks.mk\/?p=16254"},"modified":"2023-09-13T12:31:52","modified_gmt":"2023-09-13T10:31:52","slug":"valdet-xhaferi-nga-gostivari-filloi-nje-epoke-e-re-ndertimi-i-korridorit-8","status":"publish","type":"post","link":"https:\/\/indeks.bilten.mk\/?p=16254","title":{"rendered":"Valdet Xhaferi: Nga Gostivari filloi nj\u00eb epok\u00eb e re, nd\u00ebrtimi i Korridorit 8!"},"content":{"rendered":"<p><strong>Me minimin n\u00eb fshatin Banjic\u00eb e Ep\u00ebrme n\u00eb af\u00ebrsi t\u00eb Gostivarit dje u sh\u00ebnuan fillimet e punimeve p\u00ebr Korridorin 8 i cili shtrihet nga Tetova n\u00eb Gostivar, vazhdon n\u00eb K\u00ebr\u00e7ov\u00eb, Strug\u00eb deri n\u00eb kufij me Shqip\u00ebrin\u00eb.<\/strong><\/p>\n<p>T\u00eb pranish\u00ebm n\u00eb k\u00ebt\u00eb eveninet ishin z\u00ebvend\u00ebskryeministri i par\u00eb Artan Grubi i cili \u00ebsht\u00eb edhe koordinator i aktiviteteve p\u00ebr nd\u00ebrtimin e korridoreve 8 dhe 10d, ministri i Transportit dhe Lidhjeve Bllagoj Bo\u00e7varski, drejtori i Nd\u00ebrmarrjes Publike p\u00ebr Rrug\u00eb Shtet\u00ebrore Ejup Rustemi, si dhe ambasadorja amerikane, Angela Ageler, thuhet n\u00eb njoftimin nga BDI, Gostivar.<\/p>\n<p>Bechtel dhe Enka kan\u00eb zgjedhur 37 sub-kontraktues, 36 nga t\u00eb cil\u00ebt jan\u00eb kompani nga vendi.<\/p>\n<p>Nd\u00ebrtimi i korridorit 8 nga \u201cBechtel dhe Enka\u201d do t\u00eb p\u00ebrfshi rreth dy mij\u00eb pun\u00ebtor\u00eb nga fusha t\u00eb ndryshme.T\u00eb gjith\u00eb qytetar\u00ebt do t\u00eb ken\u00eb mund\u00ebsin\u00eb q\u00eb nga 1 janar 2028 t\u00eb udh\u00ebtojn\u00eb n\u00eb Korridorin 8\u201d, vijon njoftimi.<\/p>\n<p>\u201cKy \u00ebsht\u00eb projekt historik, m\u00eb i madhi n\u00eb historin\u00eb e vendit n\u00eb infrastruktur\u00ebn rrugore. Nga Gostivari filloj\u00eb nj\u00eb epok\u00eb e re, nd\u00ebrtimi i Korridorit 8\u201c, shprehet Valdet Xhaferi n\u00eb Fejsbuk.<\/p>\n<p>Korridori 8 apo si\u00e7 njihet n\u00eb formulimet per\u00ebndimore Korridori paneuropian VIII \u00ebsht\u00eb nj\u00eb aks komunikacioni nga Shqip\u00ebria p\u00ebrmes Maqedonis\u00eb s\u00eb Veriut p\u00ebr n\u00eb Bullgari.<\/p>\n<p>Korridoret paneuropiane t\u00eb komunikacionit jan\u00eb akse t\u00eb r\u00ebnd\u00ebsishme nd\u00ebrkomb\u00ebtare. Korridori \u00ebsht\u00eb n\u00eb Shqip\u00ebri dhe Bullgari nj\u00eb arterie e r\u00ebnd\u00ebsishme ekonomike, nd\u00ebrsa tani fillon t\u00eb nd\u00ebrtohet edhe n\u00eb Maqedonin\u00eb e Veriut. \/Flaka.mk<\/p>\n","protected":false},"excerpt":{"rendered":"<p>Me minimin n\u00eb fshatin Banjic\u00eb e Ep\u00ebrme n\u00eb af\u00ebrsi t\u00eb Gostivarit dje u sh\u00ebnuan fillimet e punimeve p\u00ebr Korridorin 8 i cili shtrihet nga Tetova<\/p>\n","protected":false},"author":14,"featured_media":16255,"comment_status":"open","ping_status":"open","sticky":false,"template":"","format":"standard","meta":{"footnotes":""},"categories":[44],"tags":[],"class_list":["post-16254","post","type-post","status-publish","format-standard","has-post-thumbnail","hentry","category-maqedoni"],"_links":{"self":[{"href":"https:\/\/indeks.bilten.mk\/index.php?rest_route=\/wp\/v2\/posts\/16254","targetHints":{"allow":["GET"]}}],"collection":[{"href":"https:\/\/indeks.bilten.mk\/index.php?rest_route=\/wp\/v2\/posts"}],"about":[{"href":"https:\/\/indeks.bilten.mk\/index.php?rest_route=\/wp\/v2\/types\/post"}],"author":[{"embeddable":true,"href":"https:\/\/indeks.bilten.mk\/index.php?rest_route=\/wp\/v2\/users\/14"}],"replies":[{"embeddable":true,"href":"https:\/\/indeks.bilten.mk\/index.php?rest_route=%2Fwp%2Fv2%2Fcomments&post=16254"}],"version-history":[{"count":0,"href":"https:\/\/indeks.bilten.mk\/index.php?rest_route=\/wp\/v2\/posts\/16254\/revisions"}],"wp:featuredmedia":[{"embeddable":true,"href":"https:\/\/indeks.bilten.mk\/index.php?rest_route=\/wp\/v2\/media\/16255"}],"wp:attachment":[{"href":"https:\/\/indeks.bilten.mk\/index.php?rest_route=%2Fwp%2Fv2%2Fmedia&parent=16254"}],"wp:term":[{"taxonomy":"category","embeddable":true,"href":"https:\/\/indeks.bilten.mk\/index.php?rest_route=%2Fwp%2Fv2%2Fcategories&post=16254"},{"taxonomy":"post_tag","embeddable":true,"href":"https:\/\/indeks.bilten.mk\/index.php?rest_route=%2Fwp%2Fv2%2Ftags&post=16254"}],"curies":[{"name":"wp","href":"https:\/\/api.w.org\/{rel}","templated":true}]}}