{"id":16257,"date":"2023-09-13T13:43:47","date_gmt":"2023-09-13T11:43:47","guid":{"rendered":"https:\/\/indeks.mk\/?p=16257"},"modified":"2023-09-13T13:43:47","modified_gmt":"2023-09-13T11:43:47","slug":"qeqa-krelani-i-godet-edon-zhegroven-dhe-te-tjeret-me-nje-postim","status":"publish","type":"post","link":"https:\/\/indeks.bilten.mk\/?p=16257","title":{"rendered":"Qeqa Krelani i godet Edon Zhegrov\u00ebn dhe t\u00eb tjer\u00ebt me nj\u00eb postim"},"content":{"rendered":"<p><strong>Gazetarja sportive, Qeqa Krelani e ka goditur Edon Zhegrov\u00ebn p\u00ebrmes nj\u00eb postimi n\u00eb rrjetet sociale, pas deklaratave t\u00eb yllit kosovar q\u00eb \u201cka probleme t\u00eb brendshme\u201d, t\u00eb cilat duhet t\u00eb zgjidhen, ndon\u00ebse mbr\u00ebm\u00eb p\u00ebrmes nj\u00eb postimi sqarues ai tha se po mendonte q\u00eb problemet jan\u00eb vet\u00ebm tek fusha e blert\u00eb, shkruan \u201cGazeta Express\u201d.<\/strong><\/p>\n<p>Moderatorja e njohur gjithashtu ka kritika edhe p\u00ebr nj\u00eb pjes\u00eb tjet\u00ebr t\u00eb lojtar\u00ebve t\u00eb Komb\u00ebtares s\u00eb Kosov\u00ebs pas form\u00ebs s\u00eb zbeht\u00eb q\u00eb po e kalojn\u00eb \u201cDardan\u00ebt\u201d, nd\u00ebrsa i ka disa fjal\u00eb edhe p\u00ebr Federat\u00ebn e Futbollit t\u00eb Kosov\u00ebs.<\/p>\n<p>M\u00eb posht\u00eb mund ta lexoni postimin e gazetares Krelani.<\/p>\n<p><img loading=\"lazy\" decoding=\"async\" class=\"alignnone size-full wp-image-499000\" src=\"https:\/\/i0.wp.com\/www.kosovarja-ks.com\/wp-content\/uploads\/2023\/09\/QE-593x600-1.jpg?resize=593%2C600&amp;ssl=1\" sizes=\"auto, (max-width: 593px) 100vw, 593px\" srcset=\"https:\/\/i0.wp.com\/www.kosovarja-ks.com\/wp-content\/uploads\/2023\/09\/QE-593x600-1.jpg?w=593&amp;ssl=1 593w, https:\/\/i0.wp.com\/www.kosovarja-ks.com\/wp-content\/uploads\/2023\/09\/QE-593x600-1.jpg?resize=297%2C300&amp;ssl=1 297w, https:\/\/i0.wp.com\/www.kosovarja-ks.com\/wp-content\/uploads\/2023\/09\/QE-593x600-1.jpg?resize=75%2C75&amp;ssl=1 75w\" alt=\"\" width=\"593\" height=\"600\" data-pin-no-hover=\"true\" \/><\/p>\n","protected":false},"excerpt":{"rendered":"<p>Gazetarja sportive, Qeqa Krelani e ka goditur Edon Zhegrov\u00ebn p\u00ebrmes nj\u00eb postimi n\u00eb rrjetet sociale, pas deklaratave t\u00eb yllit kosovar q\u00eb \u201cka probleme t\u00eb brendshme\u201d,<\/p>\n","protected":false},"author":14,"featured_media":16263,"comment_status":"open","ping_status":"open","sticky":false,"template":"","format":"standard","meta":{"footnotes":""},"categories":[48],"tags":[],"class_list":["post-16257","post","type-post","status-publish","format-standard","has-post-thumbnail","hentry","category-sport"],"_links":{"self":[{"href":"https:\/\/indeks.bilten.mk\/index.php?rest_route=\/wp\/v2\/posts\/16257","targetHints":{"allow":["GET"]}}],"collection":[{"href":"https:\/\/indeks.bilten.mk\/index.php?rest_route=\/wp\/v2\/posts"}],"about":[{"href":"https:\/\/indeks.bilten.mk\/index.php?rest_route=\/wp\/v2\/types\/post"}],"author":[{"embeddable":true,"href":"https:\/\/indeks.bilten.mk\/index.php?rest_route=\/wp\/v2\/users\/14"}],"replies":[{"embeddable":true,"href":"https:\/\/indeks.bilten.mk\/index.php?rest_route=%2Fwp%2Fv2%2Fcomments&post=16257"}],"version-history":[{"count":0,"href":"https:\/\/indeks.bilten.mk\/index.php?rest_route=\/wp\/v2\/posts\/16257\/revisions"}],"wp:featuredmedia":[{"embeddable":true,"href":"https:\/\/indeks.bilten.mk\/index.php?rest_route=\/wp\/v2\/media\/16263"}],"wp:attachment":[{"href":"https:\/\/indeks.bilten.mk\/index.php?rest_route=%2Fwp%2Fv2%2Fmedia&parent=16257"}],"wp:term":[{"taxonomy":"category","embeddable":true,"href":"https:\/\/indeks.bilten.mk\/index.php?rest_route=%2Fwp%2Fv2%2Fcategories&post=16257"},{"taxonomy":"post_tag","embeddable":true,"href":"https:\/\/indeks.bilten.mk\/index.php?rest_route=%2Fwp%2Fv2%2Ftags&post=16257"}],"curies":[{"name":"wp","href":"https:\/\/api.w.org\/{rel}","templated":true}]}}