{"id":16260,"date":"2023-09-13T13:41:41","date_gmt":"2023-09-13T11:41:41","guid":{"rendered":"https:\/\/indeks.mk\/?p=16260"},"modified":"2023-09-13T13:41:41","modified_gmt":"2023-09-13T11:41:41","slug":"fitorja-e-maqedonise-ndaj-maltes-grubiurime-futbollisteve-dhe-gjithe-futbolldashesve","status":"publish","type":"post","link":"https:\/\/indeks.bilten.mk\/?p=16260","title":{"rendered":"Fitorja e Maqedonis\u00eb ndaj Malt\u00ebs, Grubi:Urime futbollist\u00ebve dhe gjith\u00eb futbolldash\u00ebsve"},"content":{"rendered":"<p>Pas fitores 2-0 q\u00eb Reprezentacioni i Maqedonis\u00eb ka sh\u00ebnuar mbr\u00ebm\u00eb n\u00eb Malt\u00eb, kund\u00ebr po k\u00ebtij shteti, n\u00eb ndeshje t\u00eb vlefshme p\u00ebr kualifikim n\u00eb Euro24, ka reaguar z\u00ebvend\u00ebskryeministri i par\u00eb i Maqedonis\u00eb, Artan Grubi.<\/p>\n<p>N\u00eb nj\u00eb status n\u00eb rrjetet sociale Grubi ka shkruar se fitorja e RMV-s\u00eb kund\u00ebr Malt\u00ebs \u00ebsht\u00eb lajm q\u00eb ka g\u00ebzuar t\u00eb gjith\u00eb futbolldash\u00ebsit.<\/p>\n<p>Sipas Grubit, kjo fitore b\u00ebn edhe m\u00eb t\u00eb besushme dhe sjell edhe m\u00eb af\u00ebr realizimit \u00ebndr\u00ebn p\u00ebr kualifikim n\u00eb kampionatin Evropian q\u00eb do t\u00eb realizohet n\u00eb Gjermani n\u00eb vitin 2024.<\/p>\n<p>N\u00eb statusin e tij, Grubi ka uruar t\u00eb gjith\u00eb futbollist\u00ebt, stafin po edhe Federat\u00ebn e Futbollit p\u00ebr k\u00ebt\u00eb fitore duke ju uruar sukses dit\u00ebve n\u00eb vijim n\u00eb rrug\u00ebtimin e tyre.<\/p>\n<p>Reagimi i plot\u00eb:<\/p>\n<p>&#8220;Edhe nj\u00eb fitore q\u00eb g\u00ebzoi t\u00eb gjith\u00eb futbolldash\u00ebsit dhe q\u00eb e sjell mund\u00ebsin\u00eb p\u00ebr pjes\u00ebmarrje t\u00eb Maqedonis\u00eb n\u00eb Euro2024 edhe m\u00eb af\u00ebr.<\/p>\n<p>Urime futbollist\u00ebve, stafit teknik dhe federat\u00ebs p\u00ebr sukseset e k\u00ebtyre dit\u00ebve me shpres\u00eb q\u00eb paraqitjet e mira do t\u00eb vijojn\u00eb edhe n\u00eb sfidat e rradh\u00ebs&#8221;, ka shkruar Grubi.<\/p>\n<p><iframe loading=\"lazy\" src=\"https:\/\/www.facebook.com\/plugins\/video.php?height=314&#038;href=https%3A%2F%2Fwww.facebook.com%2FArtanGrubi%2Fvideos%2F330529222764633%2F&#038;show_text=false&#038;width=560&#038;t=0\" width=\"560\" height=\"314\" style=\"border:none;overflow:hidden\" scrolling=\"no\" frameborder=\"0\" allowfullscreen=\"true\" allow=\"autoplay; clipboard-write; encrypted-media; picture-in-picture; web-share\" allowFullScreen=\"true\"><\/iframe><\/p>\n","protected":false},"excerpt":{"rendered":"<p>Pas fitores 2-0 q\u00eb Reprezentacioni i Maqedonis\u00eb ka sh\u00ebnuar mbr\u00ebm\u00eb n\u00eb Malt\u00eb, kund\u00ebr po k\u00ebtij shteti, n\u00eb ndeshje t\u00eb vlefshme p\u00ebr kualifikim n\u00eb Euro24, ka<\/p>\n","protected":false},"author":14,"featured_media":0,"comment_status":"open","ping_status":"open","sticky":false,"template":"","format":"standard","meta":{"footnotes":""},"categories":[44],"tags":[],"class_list":["post-16260","post","type-post","status-publish","format-standard","hentry","category-maqedoni"],"_links":{"self":[{"href":"https:\/\/indeks.bilten.mk\/index.php?rest_route=\/wp\/v2\/posts\/16260","targetHints":{"allow":["GET"]}}],"collection":[{"href":"https:\/\/indeks.bilten.mk\/index.php?rest_route=\/wp\/v2\/posts"}],"about":[{"href":"https:\/\/indeks.bilten.mk\/index.php?rest_route=\/wp\/v2\/types\/post"}],"author":[{"embeddable":true,"href":"https:\/\/indeks.bilten.mk\/index.php?rest_route=\/wp\/v2\/users\/14"}],"replies":[{"embeddable":true,"href":"https:\/\/indeks.bilten.mk\/index.php?rest_route=%2Fwp%2Fv2%2Fcomments&post=16260"}],"version-history":[{"count":0,"href":"https:\/\/indeks.bilten.mk\/index.php?rest_route=\/wp\/v2\/posts\/16260\/revisions"}],"wp:attachment":[{"href":"https:\/\/indeks.bilten.mk\/index.php?rest_route=%2Fwp%2Fv2%2Fmedia&parent=16260"}],"wp:term":[{"taxonomy":"category","embeddable":true,"href":"https:\/\/indeks.bilten.mk\/index.php?rest_route=%2Fwp%2Fv2%2Fcategories&post=16260"},{"taxonomy":"post_tag","embeddable":true,"href":"https:\/\/indeks.bilten.mk\/index.php?rest_route=%2Fwp%2Fv2%2Ftags&post=16260"}],"curies":[{"name":"wp","href":"https:\/\/api.w.org\/{rel}","templated":true}]}}