{"id":16262,"date":"2023-09-13T14:11:31","date_gmt":"2023-09-13T12:11:31","guid":{"rendered":"https:\/\/indeks.mk\/?p=16262"},"modified":"2023-09-13T14:11:31","modified_gmt":"2023-09-13T12:11:31","slug":"bytyqi-nuk-eshte-etike-qe-kompanite-te-rrisin-cmimet-e-produkteve-ushqimore-do-te-merren-masa","status":"publish","type":"post","link":"https:\/\/indeks.bilten.mk\/?p=16262","title":{"rendered":"Bytyqi: Nuk \u00ebsht\u00eb etike q\u00eb kompanit\u00eb t\u00eb rrisin \u00e7mimet e produkteve ushqimore, do t\u00eb merren masa!"},"content":{"rendered":"<p>Zv. kryeministri p\u00ebr \u00c7\u00ebshtje Ekonomike, Fatmir Bytyqi thot\u00eb se ka k\u00ebrkuar nga Komisioni p\u00ebr Mbrojtje t\u00eb Konkurrenc\u00ebs q\u00eb t\u00eb vler\u00ebsoj\u00eb n\u00ebse sektor\u00ebt jan\u00eb marr\u00eb vesh mes vete p\u00ebr ngritje t\u00eb \u00e7mimeve.<\/p>\n<p>Bytyqi thot\u00eb se kjo \u00ebsht\u00eb joetike dhe se Qeveria do t\u00eb nd\u00ebrmerr masa, pasi n\u00eb bursat bot\u00ebrore ka shum\u00eb m\u00eb pak rritje t\u00eb \u00e7mimeve n\u00eb produktet ushqimore sesa te ne.<\/p>\n<p>\u201cN\u00ebse e shihni rritjen e \u00e7mimeve p\u00ebr shkak t\u00eb inflacionit n\u00eb bursat bot\u00ebrore, ato jan\u00eb 1\/4 m\u00eb t\u00eb vogla se n\u00eb Maqedoni, di\u00e7ka po ndodh, kjo nuk mund t\u00eb jet\u00eb\u2026vendi jon\u00eb t\u00eb jet\u00eb unikat, ishull i izoluar, kur \u00ebsht\u00eb pjes\u00eb e gjith\u00eb Europ\u00ebs.<\/p>\n<p>Merreni \u00e7mimet e burs\u00ebs n\u00eb BE, sipas t\u00eb dh\u00ebnave t\u00eb FAO, do t\u00eb shihni indeksin e ndryshimit t\u00eb \u00e7mimit n\u00eb koh\u00eb t\u00eb caktuar, ju them \u00ebsht\u00eb 1\/4 m\u00eb pak se \u00ebsht\u00eb k\u00ebtu. N\u00ebse ushqimi \u00ebsht\u00eb rritur p\u00ebr 11 p\u00ebr qind n\u00eb BE, n\u00eb \u00e7mimet e burs\u00ebs, k\u00ebtu \u00ebsht\u00eb rritur p\u00ebr 46 p\u00ebr qind, na falni por kjo nuk \u00ebsht\u00eb etike\u201d, shtoi Bytyqi.<\/p>\n","protected":false},"excerpt":{"rendered":"<p>Zv. kryeministri p\u00ebr \u00c7\u00ebshtje Ekonomike, Fatmir Bytyqi thot\u00eb se ka k\u00ebrkuar nga Komisioni p\u00ebr Mbrojtje t\u00eb Konkurrenc\u00ebs q\u00eb t\u00eb vler\u00ebsoj\u00eb n\u00ebse sektor\u00ebt jan\u00eb marr\u00eb vesh<\/p>\n","protected":false},"author":14,"featured_media":0,"comment_status":"open","ping_status":"open","sticky":false,"template":"","format":"standard","meta":{"footnotes":""},"categories":[44],"tags":[],"class_list":["post-16262","post","type-post","status-publish","format-standard","hentry","category-maqedoni"],"_links":{"self":[{"href":"https:\/\/indeks.bilten.mk\/index.php?rest_route=\/wp\/v2\/posts\/16262","targetHints":{"allow":["GET"]}}],"collection":[{"href":"https:\/\/indeks.bilten.mk\/index.php?rest_route=\/wp\/v2\/posts"}],"about":[{"href":"https:\/\/indeks.bilten.mk\/index.php?rest_route=\/wp\/v2\/types\/post"}],"author":[{"embeddable":true,"href":"https:\/\/indeks.bilten.mk\/index.php?rest_route=\/wp\/v2\/users\/14"}],"replies":[{"embeddable":true,"href":"https:\/\/indeks.bilten.mk\/index.php?rest_route=%2Fwp%2Fv2%2Fcomments&post=16262"}],"version-history":[{"count":0,"href":"https:\/\/indeks.bilten.mk\/index.php?rest_route=\/wp\/v2\/posts\/16262\/revisions"}],"wp:attachment":[{"href":"https:\/\/indeks.bilten.mk\/index.php?rest_route=%2Fwp%2Fv2%2Fmedia&parent=16262"}],"wp:term":[{"taxonomy":"category","embeddable":true,"href":"https:\/\/indeks.bilten.mk\/index.php?rest_route=%2Fwp%2Fv2%2Fcategories&post=16262"},{"taxonomy":"post_tag","embeddable":true,"href":"https:\/\/indeks.bilten.mk\/index.php?rest_route=%2Fwp%2Fv2%2Ftags&post=16262"}],"curies":[{"name":"wp","href":"https:\/\/api.w.org\/{rel}","templated":true}]}}