{"id":16272,"date":"2023-09-13T14:26:53","date_gmt":"2023-09-13T12:26:53","guid":{"rendered":"https:\/\/indeks.mk\/?p=16272"},"modified":"2023-09-13T14:26:53","modified_gmt":"2023-09-13T12:26:53","slug":"jasir-asani-ne-gare-per-golin-me-te-bukur-uefa-hap-votimin","status":"publish","type":"post","link":"https:\/\/indeks.bilten.mk\/?p=16272","title":{"rendered":"Jasir Asani n\u00eb gar\u00eb p\u00ebr golin m\u00eb t\u00eb bukur, UEFA hap votimin"},"content":{"rendered":"<p>Supergoli i Nedim Bajramit kund\u00ebr Republik\u00ebs \u00c7eke mrekulloi t\u00eb gjith\u00eb, por jo votuesit n\u00eb faqen zyrtare t\u00eb UEFA-s. Goditja fantastike e mesfushorit nga rreth 30 metra n\u00eb at\u00eb barazim q\u00eb Shqip\u00ebria mori n\u00eb Prag\u00eb humbi duelin p\u00ebr golin m\u00eb t\u00eb bukur t\u00eb raundit t\u00eb kat\u00ebrt n\u00eb kualifikueset e Euro 2024. Numrin m\u00eb t\u00eb lart\u00eb t\u00eb votave e mori kjo goditje fluturimthi e Sandro Wolfinger.<\/p>\n<p>Mesfushori l\u00ebshoi nj\u00eb silur\u00eb t\u00eb v\u00ebrtet\u00eb p\u00ebr t\u00eb realizuar golin e par\u00eb p\u00ebr Lihtenshtejnin n\u00eb k\u00ebto kualifikuese, gjithsesi kjo nuk i mjaftoi p\u00ebr t\u00eb marr\u00eb pik\u00ebn e par\u00eb n\u00eb grup. 32-vje\u00e7ari sh\u00ebnoi n\u00eb at\u00eb humbje 2-1 ndaj Bosnje Hercegovin\u00ebs p\u00ebr t\u00eb fituar edhe duelin me Tshuamenin e Franc\u00ebs dhe Robert Lewandowskin q\u00eb sh\u00ebnoi n\u00eb port\u00ebn e Ishujve Faroe.<\/p>\n<p>Kjo \u00ebsht\u00eb hera e pare, kur kan\u00eb marr\u00eb pjes\u00eb q\u00eb lojtar\u00ebt kuqezi d\u00ebshtojn\u00eb p\u00ebr t\u00eb marr\u00eb shumic\u00ebn e votave p\u00ebr golin m\u00eb t\u00eb bukur n\u00eb faqen e UEFA-s. Deri m\u00eb tani k\u00ebt\u00eb \u00e7mim e kan\u00eb siguruar, Kristjan Asllani dhe Jasir Asani, i cili \u00ebsht\u00eb s\u00ebrish n\u00eb gar\u00eb. 28-vje\u00e7ari sh\u00ebnoi n\u00eb m\u00ebnyr\u00eb spektakolare n\u00eb port\u00ebn e Polonis\u00eb p\u00ebr t\u2019i hapur udh\u00eb asaj fitoreje t\u00eb r\u00ebnd\u00ebsishme me arom\u00eb Europiani.<\/p>\n<p>N\u00eb gar\u00eb gjenden edhe realizimet e Zhoao Feliks i Portugalis\u00eb, Trosard i Belgjik\u00ebs dhe Samorodov i Kazakistanit. T\u00eb gjith\u00eb kan\u00eb mund\u00ebsi p\u00ebr t\u00eb votuar p\u00ebr golin m\u00eb t\u00eb bukur n\u00eb website zyrtar t\u00eb UEFA-s n\u00eb internet (<strong><a href=\"https:\/\/www.uefa.com\/european-qualifiers\/video\/goal-of-the-round\/#\/\"><mark class=\"has-inline-color has-vivid-red-color\">Kliko k\u00ebtu<\/mark><\/a><\/strong>).<\/p>\n","protected":false},"excerpt":{"rendered":"<p>Supergoli i Nedim Bajramit kund\u00ebr Republik\u00ebs \u00c7eke mrekulloi t\u00eb gjith\u00eb, por jo votuesit n\u00eb faqen zyrtare t\u00eb UEFA-s. Goditja fantastike e mesfushorit nga rreth 30<\/p>\n","protected":false},"author":14,"featured_media":16273,"comment_status":"open","ping_status":"open","sticky":false,"template":"","format":"standard","meta":{"footnotes":""},"categories":[48],"tags":[],"class_list":["post-16272","post","type-post","status-publish","format-standard","has-post-thumbnail","hentry","category-sport"],"_links":{"self":[{"href":"https:\/\/indeks.bilten.mk\/index.php?rest_route=\/wp\/v2\/posts\/16272","targetHints":{"allow":["GET"]}}],"collection":[{"href":"https:\/\/indeks.bilten.mk\/index.php?rest_route=\/wp\/v2\/posts"}],"about":[{"href":"https:\/\/indeks.bilten.mk\/index.php?rest_route=\/wp\/v2\/types\/post"}],"author":[{"embeddable":true,"href":"https:\/\/indeks.bilten.mk\/index.php?rest_route=\/wp\/v2\/users\/14"}],"replies":[{"embeddable":true,"href":"https:\/\/indeks.bilten.mk\/index.php?rest_route=%2Fwp%2Fv2%2Fcomments&post=16272"}],"version-history":[{"count":0,"href":"https:\/\/indeks.bilten.mk\/index.php?rest_route=\/wp\/v2\/posts\/16272\/revisions"}],"wp:featuredmedia":[{"embeddable":true,"href":"https:\/\/indeks.bilten.mk\/index.php?rest_route=\/wp\/v2\/media\/16273"}],"wp:attachment":[{"href":"https:\/\/indeks.bilten.mk\/index.php?rest_route=%2Fwp%2Fv2%2Fmedia&parent=16272"}],"wp:term":[{"taxonomy":"category","embeddable":true,"href":"https:\/\/indeks.bilten.mk\/index.php?rest_route=%2Fwp%2Fv2%2Fcategories&post=16272"},{"taxonomy":"post_tag","embeddable":true,"href":"https:\/\/indeks.bilten.mk\/index.php?rest_route=%2Fwp%2Fv2%2Ftags&post=16272"}],"curies":[{"name":"wp","href":"https:\/\/api.w.org\/{rel}","templated":true}]}}