{"id":16275,"date":"2023-09-13T14:36:28","date_gmt":"2023-09-13T12:36:28","guid":{"rendered":"https:\/\/indeks.mk\/?p=16275"},"modified":"2023-09-13T14:41:56","modified_gmt":"2023-09-13T12:41:56","slug":"korridori-8-durmishi-skandalizon-serish-kritikon-qeverine-dhe-ambasadoren-aggeler-per-krim-dhe-korrupsion","status":"publish","type":"post","link":"https:\/\/indeks.bilten.mk\/?p=16275","title":{"rendered":"Korridori 8\/ Durmishi skandalizon s\u00ebrish! Kritikon qeverin\u00eb dhe ambasadoren Aggeler p\u00ebr krim dhe korrupsion&#8230;"},"content":{"rendered":"<p>Kryetari i k\u00ebshillit t\u00eb Komun\u00ebs s\u00eb Tetov\u00ebs, Besar Durmishi p\u00ebrmes nj\u00eb postimi skandaloz ka kritikuar qeverin\u00eb dhe ambasad\u00ebn e Amerik\u00ebs, gjegj\u00ebsisht ambasadoren Angela Aggeler p\u00ebr nd\u00ebrtimin e Korridorit 8.<\/p>\n<p>Sipas Durmishit nd\u00ebrtimi i Korridorit 8 ka mallverzime, krim dhe korrupsion.<\/p>\n<p>\u201c<strong>Mallverzimeve n\u00eb korridorin 8 jan\u00eb edhe nj\u00eb d\u00ebshmi p\u00ebr krimin dhe korrupsionin q\u00eb e ka kapluar qeverin\u00eb. Pun\u00ebsimet n\u00eb k\u00ebt\u00eb koridor jan\u00eb kontrata t\u00eb tipit \u201cZgjedhje\u201d, t\u00eb cil\u00ebn ju e praktikoni n\u00eb \u00e7do cik\u00ebl zgjedhor kur gjendeni n\u00eb siklet. Pun\u00ebso, kryhen zgjedhjet, largo!\u201d<\/strong>\u00a0ka shkruar Durmishi n\u00eb profilin e tij n\u00eb Facebook.<\/p>\n<p>Nga ana tjet\u00ebr dje\u00a0Ambasadorja e SHBA-s\u00eb\u00a0<strong>Angela Aggeler<\/strong>\u00a0u shpreh e lumtur q\u00eb kompania\u00a0 amerikane me fam\u00eb do ta nd\u00ebrtoj\u00eb Korridorin 8, p\u00ebrcjell TS.<\/p>\n<p>\u201c<strong>Jam shum\u00eb e lumtur q\u00eb jam k\u00ebtu, m\u00eb duket sikur dje, por kaluan shum\u00eb shpejt\u00eb gjasht\u00eb muaj q\u00eb kur u n\u00ebnshkrua marr\u00ebveshja p\u00ebr k\u00ebt\u00eb projekt. N\u00eb em\u00ebr t\u00eb ambasad\u00ebs s\u00eb Amerik\u00ebs dhe Shteteve t\u00eb Bashkuara t\u00eb Amerik\u00ebs dhe biznesit amerikan jam shum\u00eb e lumtur q\u00eb shoh k\u00ebt\u00eb konzorcium me fam\u00eb bot\u00ebrore duke i nd\u00ebrtuar k\u00ebto rrug\u00eb q\u00eb jan\u00eb shum\u00eb t\u00eb r\u00ebnd\u00ebsishme p\u00ebr njer\u00ebzit e k\u00ebtij vendi. Ne erdh\u00ebm nga nj\u00eb rrug\u00eb shum\u00eb e ngusht\u00eb dhe besoj se qytetar\u00ebt do t\u2019i g\u00ebzojn\u00eb kjo rrug\u00eb t\u00eb re dhe e leht\u00eb p\u00ebr t\u00eb qarkulluar.<\/strong>\u201d u shpreh dje nga Banjica e Ep\u00ebrme Aggeler, ambasadore e SHBA-s\u00eb n\u00eb Maqedonin\u00eb e Veriut, ku edhe ku edhe u b\u00eb minimi i par\u00eb i nd\u00ebrtimit t\u00eb Korridorit 8.<\/p>\n<p>Edhe n\u00eb faqen zyrtare t\u00eb Ambasad\u00ebs s\u00eb SHBA-ve n\u00eb Maqedoni shkruan se projekti Korridori 8 p\u00ebrve\u00e7 r\u00ebnd\u00ebsis\u00eb infrastrukturore, do t\u00eb mund\u00ebsoj l\u00ebvizje m\u00eb t\u00eb lir\u00eb t\u00eb njer\u00ebzve dhe mallrave, duke e kthyer shtetin n\u00eb vend q\u00eb t\u00ebrheq investime t\u00eb huaja.<\/p>\n<p>\u201c<strong>Ambasadorja Aggeler mori pjes\u00eb n\u00eb fillimin e nd\u00ebrtimit t\u00eb autostrad\u00ebs s\u00eb Korridorit 8 s\u00eb bashku me kabinetin Qeveritar t\u00eb Maqedonis\u00eb s\u00eb Veriut dhe konsorciumin amerikano-turk Bechtel dhe ENKA. Rrug\u00ebt e mira t\u00eb transportit, si\u00e7 \u00ebsht\u00eb Korridori 8, jo thjesht do t\u00eb l\u00ebvizin njer\u00ebzit dhe tregtin\u00eb m\u00eb rrjedhsh\u00ebm, por gjithashtu do t\u00eb t\u00ebrheqin investime n\u00eb Maqedonin\u00eb e Veriut, do t\u00eb ndihmojn\u00eb integrimin rajonal t\u00eb vendit dhe do t\u00eb nd\u00ebrtojn\u00eb marr\u00ebdh\u00ebnie m\u00eb t\u00eb forta me fqinj\u00ebt e tij.<\/strong>\u201d thuhet n\u00eb faqen zyrtare t\u00eb Ambasad\u00ebs s\u00eb SHBA-s\u00eb n\u00eb Maqedonin\u00eb e Veriut.<\/p>\n<p>Ndryshe nd\u00ebrtimi i Korridorit 8 dhe 10-D do t\u00eb duhet t\u00eb p\u00ebrfundoj\u00eb n\u00eb fund t\u00eb vitit 2027. \/TS\/<\/p>\n","protected":false},"excerpt":{"rendered":"<p>Kryetari i k\u00ebshillit t\u00eb Komun\u00ebs s\u00eb Tetov\u00ebs, Besar Durmishi p\u00ebrmes nj\u00eb postimi skandaloz ka kritikuar qeverin\u00eb dhe ambasad\u00ebn e Amerik\u00ebs, gjegj\u00ebsisht ambasadoren Angela Aggeler p\u00ebr<\/p>\n","protected":false},"author":14,"featured_media":16276,"comment_status":"open","ping_status":"open","sticky":false,"template":"","format":"standard","meta":{"footnotes":""},"categories":[44],"tags":[],"class_list":["post-16275","post","type-post","status-publish","format-standard","has-post-thumbnail","hentry","category-maqedoni"],"_links":{"self":[{"href":"https:\/\/indeks.bilten.mk\/index.php?rest_route=\/wp\/v2\/posts\/16275","targetHints":{"allow":["GET"]}}],"collection":[{"href":"https:\/\/indeks.bilten.mk\/index.php?rest_route=\/wp\/v2\/posts"}],"about":[{"href":"https:\/\/indeks.bilten.mk\/index.php?rest_route=\/wp\/v2\/types\/post"}],"author":[{"embeddable":true,"href":"https:\/\/indeks.bilten.mk\/index.php?rest_route=\/wp\/v2\/users\/14"}],"replies":[{"embeddable":true,"href":"https:\/\/indeks.bilten.mk\/index.php?rest_route=%2Fwp%2Fv2%2Fcomments&post=16275"}],"version-history":[{"count":0,"href":"https:\/\/indeks.bilten.mk\/index.php?rest_route=\/wp\/v2\/posts\/16275\/revisions"}],"wp:featuredmedia":[{"embeddable":true,"href":"https:\/\/indeks.bilten.mk\/index.php?rest_route=\/wp\/v2\/media\/16276"}],"wp:attachment":[{"href":"https:\/\/indeks.bilten.mk\/index.php?rest_route=%2Fwp%2Fv2%2Fmedia&parent=16275"}],"wp:term":[{"taxonomy":"category","embeddable":true,"href":"https:\/\/indeks.bilten.mk\/index.php?rest_route=%2Fwp%2Fv2%2Fcategories&post=16275"},{"taxonomy":"post_tag","embeddable":true,"href":"https:\/\/indeks.bilten.mk\/index.php?rest_route=%2Fwp%2Fv2%2Ftags&post=16275"}],"curies":[{"name":"wp","href":"https:\/\/api.w.org\/{rel}","templated":true}]}}