{"id":16281,"date":"2023-09-13T14:54:09","date_gmt":"2023-09-13T12:54:09","guid":{"rendered":"https:\/\/indeks.mk\/?p=16281"},"modified":"2023-09-13T14:54:09","modified_gmt":"2023-09-13T12:54:09","slug":"mediat-me-te-medha-boterore-shkruajne-per-ngjarjen-e-turpshme-ne-bukuresht-skandal-politik-ne-rumani","status":"publish","type":"post","link":"https:\/\/indeks.bilten.mk\/?p=16281","title":{"rendered":"Mediat m\u00eb t\u00eb m\u00ebdha bot\u00ebrore shkruajn\u00eb p\u00ebr ngjarjen e turpshme n\u00eb Bukuresht: Skandal politik n\u00eb Rumani"},"content":{"rendered":"<p><strong>Nuk ka dyshim se ajo q\u00eb ndodhi n\u00eb Rumani ka qen\u00eb nj\u00eb skandal shum\u00eb i madh q\u00eb ka b\u00ebr\u00eb buj\u00eb n\u00eb gjith\u00eb bot\u00ebn.<\/strong><\/p>\n<div class=\"code-block code-block-43 code-block-pas-paragrafit-2t-inarticle\">\n<div>\n<div class=\"code-block-label\">Tifoz\u00ebt romun\u00eb me nj\u00eb urrejtje t\u00eb pakuptimt\u00eb ndaj Kosov\u00ebs prej fillimit t\u00eb ndeshjes ofenduan n\u00eb kor.<\/div>\n<\/div>\n<\/div>\n<p>N\u00eb momentin q\u00eb himni i Kosov\u00ebs filloi, t\u00eb gjith\u00eb fishk\u00eblluan dhe filluan brohoritjet \u2018Serbia, Serbia\u2019.<\/p>\n<p>Por n\u00eb minut\u00ebn e 18-t\u00eb kur turma e tifoz\u00ebve filloi t\u00eb brohoras \u2018Kosova \u00ebsht\u00eb Serbi\u2019 dhe t\u00eb shpallet nj\u00eb banderol\u00eb me at\u00eb mbishkrim, futbollist\u00ebt e Kosov\u00ebs refuzuan t\u00eb vazhdojn\u00eb ndeshjen, duke shkuar n\u00eb zhveshtore pas vendimit nga gjyqtari.<\/p>\n<div class=\"related-to-article\">\n<div class=\"related-article-i\">\n<div class=\"clearfix\">P\u00ebr skandalin e ndodhur n\u00eb Arena Nacionala n\u00eb Bukuresht kan\u00eb shkruar mediumet m\u00eb t\u00eb m\u00ebdha bot\u00ebrore p\u00ebrfshi \u2018Marcan\u2019 spanjolle, BBC e Anglis\u00eb dhe Corriere dello Sport t\u00eb Italis\u00eb.<\/div>\n<\/div>\n<\/div>\n<div class=\"ai-viewport-1\" data-insertion-position=\"prepend\" data-selector=\".ai-insert-1-31617233\" data-insertion-no-dbg=\"\" data-code=\"PGRpdiBjbGFzcz0nY29kZS1ibG9jayBjb2RlLWJsb2NrLTEgY29kZS1ibG9jay1pbmFydGljbGUtZGVza3RvcCcgc3R5bGU9J21hcmdpbjogOHB4IGF1dG87IHRleHQtYWxpZ246IGNlbnRlcjsgZGlzcGxheTogYmxvY2s7IGNsZWFyOiBib3RoOyB3aWR0aDogMzAwcHg7IGhlaWdodDogNDIwcHg7IGJhY2tncm91bmQtY29sb3I6ICNmZmZmZmY7Jz4KPGRpdiBzdHlsZT0icG9zaXRpb246IHN0aWNreTsgdG9wOiAxNXB4OyI+CjxkaXYgY2xhc3M9ImNvZGUtYmxvY2stbGFiZWwiPlJla2xhbWE8L2Rpdj4KPGRpdiBkYXRhLWFkLXVuaXQtaWQ9Ii8yMjY0NjY1NzExOC9Jbi1hcnRpY2xlX2JveF8yIj48L2Rpdj4KPC9kaXY+CjxkaXYgc3R5bGU9IiBoZWlnaHQ6IDM5MHB4OyI+PC9kaXY+CjwvZGl2Pgo=\" data-block=\"1\">\n<div class=\"code-block code-block-1 code-block-inarticle-desktop\">\n<div class=\"code-block-label\">\u201cPavar\u00ebsia e Kosov\u00ebs njihet nga 100 vende, duke p\u00ebrfshir\u00eb Mbret\u00ebrin\u00eb e Bashkuar, por Rumania \u00ebsht\u00eb nd\u00ebr vendet e pakta t\u00eb BE-s\u00eb q\u00eb nuk e njohin. Mb\u00ebshtet\u00ebsit rumun\u00eb gjithashtu ngrit\u00ebn nj\u00eb pankart\u00eb ku shkruhej \u201cBessarabia \u00ebsht\u00eb Rumania\u201d n\u00eb t\u00eb nj\u00ebjt\u00ebn an\u00eb t\u00eb fush\u00ebs me at\u00eb me anti \u201cMesazhi i Kosov\u00ebs. Besarabia, e cila ka qen\u00eb pjes\u00eb e Rumanis\u00eb midis 1918 dhe 1940, \u00ebsht\u00eb e ndar\u00eb midis Moldavis\u00eb dhe pjes\u00ebve t\u00eb Ukrain\u00ebs\u201d, shkruan BBC .<\/div>\n<\/div>\n<\/div>\n<p>\u201cP\u00ebrgjigja e pjes\u00ebs tjet\u00ebr t\u00eb publikut n\u00eb stadium ndaj ultrasve ishte shembullore. Me nd\u00ebrprerjen e loj\u00ebs dhe lojtar\u00ebt n\u00eb dhom\u00ebn e zhveshjes, kur ultrasit filluan t\u00eb th\u00ebrrisnin \u2018Rumani, Rumani\u2019, pjesa tjet\u00ebr e publikut iu p\u00ebrgjigj duke i ftuar. p\u00ebr t\u00eb dal\u00eb \u2018jasht\u00eb, jasht\u00eb\u2019. Loja m\u00eb n\u00eb fund rifilloi pas m\u00eb shum\u00eb se 50 minutash. Sigurisht, me nj\u00eb paralajm\u00ebrim serioz: \u2018Mos k\u00ebndoni m\u00eb emrat e fqinj\u00ebve tan\u00eb. \u00cbsht\u00eb paralajm\u00ebrimi i fundit. N\u00eb t\u00eb kund\u00ebrt takimi do t\u00eb pezullohet p\u00ebrgjithmon\u00eb\u201d. Kishte n\u00eb mes nj\u00eb tentativ\u00eb p\u00ebr t\u00eb evakuuar ultrasit\u2026 por nuk ia doli\u201d, theksuan spanjoll\u00ebt nga Marca.<\/p>\n<div class=\"related-to-article\">\n<div class=\"related-article-i\">\n<div class=\"clearfix\">Spanjoll\u00ebt e AS shkruanin: \u201cSkandal politik n\u00eb Rumani: lojtar\u00ebt nga Kosova largohen nga fusha\u201d.<\/div>\n<\/div>\n<\/div>\n<p>Gazzetta dello Sport, botimi m\u00eb i r\u00ebnd\u00ebsish\u00ebm i Italis\u00eb, shkroi: \u201cN\u00eb Bukuresht, ultrasit brohorisnin Kosov\u00eb e Serbi. Gjyqtari pezulloi p\u00ebrkoh\u00ebsisht Rumanin\u00eb \u2013 Kosov\u00ebn\u201d.\u00a0<em><strong>\/Telegrafi\/<\/strong><\/em><\/p>\n","protected":false},"excerpt":{"rendered":"<p>Nuk ka dyshim se ajo q\u00eb ndodhi n\u00eb Rumani ka qen\u00eb nj\u00eb skandal shum\u00eb i madh q\u00eb ka b\u00ebr\u00eb buj\u00eb n\u00eb gjith\u00eb bot\u00ebn. Tifoz\u00ebt romun\u00eb<\/p>\n","protected":false},"author":14,"featured_media":16282,"comment_status":"open","ping_status":"open","sticky":false,"template":"","format":"standard","meta":{"footnotes":""},"categories":[48],"tags":[],"class_list":["post-16281","post","type-post","status-publish","format-standard","has-post-thumbnail","hentry","category-sport"],"_links":{"self":[{"href":"https:\/\/indeks.bilten.mk\/index.php?rest_route=\/wp\/v2\/posts\/16281","targetHints":{"allow":["GET"]}}],"collection":[{"href":"https:\/\/indeks.bilten.mk\/index.php?rest_route=\/wp\/v2\/posts"}],"about":[{"href":"https:\/\/indeks.bilten.mk\/index.php?rest_route=\/wp\/v2\/types\/post"}],"author":[{"embeddable":true,"href":"https:\/\/indeks.bilten.mk\/index.php?rest_route=\/wp\/v2\/users\/14"}],"replies":[{"embeddable":true,"href":"https:\/\/indeks.bilten.mk\/index.php?rest_route=%2Fwp%2Fv2%2Fcomments&post=16281"}],"version-history":[{"count":0,"href":"https:\/\/indeks.bilten.mk\/index.php?rest_route=\/wp\/v2\/posts\/16281\/revisions"}],"wp:featuredmedia":[{"embeddable":true,"href":"https:\/\/indeks.bilten.mk\/index.php?rest_route=\/wp\/v2\/media\/16282"}],"wp:attachment":[{"href":"https:\/\/indeks.bilten.mk\/index.php?rest_route=%2Fwp%2Fv2%2Fmedia&parent=16281"}],"wp:term":[{"taxonomy":"category","embeddable":true,"href":"https:\/\/indeks.bilten.mk\/index.php?rest_route=%2Fwp%2Fv2%2Fcategories&post=16281"},{"taxonomy":"post_tag","embeddable":true,"href":"https:\/\/indeks.bilten.mk\/index.php?rest_route=%2Fwp%2Fv2%2Ftags&post=16281"}],"curies":[{"name":"wp","href":"https:\/\/api.w.org\/{rel}","templated":true}]}}