{"id":16284,"date":"2023-09-13T14:56:28","date_gmt":"2023-09-13T12:56:28","guid":{"rendered":"https:\/\/indeks.mk\/?p=16284"},"modified":"2023-09-13T14:56:28","modified_gmt":"2023-09-13T12:56:28","slug":"drejtori-halili-nga-sarajeva-transformimi-digjital-eshte-hap-i-pashmangshem-per-ndermarrjet-qe-duan-te-mbeten-konkurruese-dhe-te-pushtojne-tregjet","status":"publish","type":"post","link":"https:\/\/indeks.bilten.mk\/?p=16284","title":{"rendered":"Drejtori Halili nga Sarajeva: Transformimi digjital \u00ebsht\u00eb hap i pashmangsh\u00ebm p\u00ebr nd\u00ebrmarrjet q\u00eb duan t\u00eb mbeten konkurruese dhe t\u00eb pushtojn\u00eb tregjet"},"content":{"rendered":"<div id=\"mount_0_0_9N\">\n<div>\n<div class=\"\">\n<div class=\"x9f619 x1n2onr6 x1ja2u2z\">\n<div class=\"x9f619 x1n2onr6 x1ja2u2z\">\n<div class=\"x78zum5 xdt5ytf x1n2onr6\">\n<div class=\"x78zum5 xdt5ytf x1n2onr6 xat3117 xxzkxad\">\n<div class=\"x78zum5 xdt5ytf x1t2pt76 x1n2onr6 x1ja2u2z x10cihs4\">\n<div class=\"x9f619 x2lah0s x1nhvcw1 x1qjc9v5 xozqiw3 x1q0g3np x78zum5 x1iyjqo2 x1t2pt76 x1n2onr6 x1ja2u2z x1h6rjhl\">\n<div class=\"x9f619 x1n2onr6 x1ja2u2z xdt5ytf x193iq5w xeuugli x1r8uery x1iyjqo2 xs83m0k x78zum5 x1t2pt76\" role=\"main\" aria-label=\"temp heading\">\n<div class=\"x78zum5 xdt5ytf x1iyjqo2 x1t2pt76 xeuugli x1n2onr6 x1ja2u2z\">\n<div class=\"x78zum5 xdt5ytf x1t2pt76\">\n<div class=\"x78zum5 xdt5ytf x1iyjqo2 x1t2pt76 xeuugli\">\n<div class=\"x78zum5 xdt5ytf x1t2pt76 x1n2onr6\" role=\"main\">\n<div class=\"x6s0dn4 x78zum5 xdt5ytf x193iq5w\">\n<div class=\"x9f619 x193iq5w x1talbiv x1sltb1f x3fxtfs x1swvt13 x1pi30zi xw7yly9\">\n<div class=\"x9f619 x1n2onr6 x1ja2u2z x2lah0s x1qjc9v5 x78zum5 x1q0g3np x1a02dak xl56j7k x9otpla x1n0m28w x1wsgfga xp7jhwk\">\n<div class=\"x9f619 x1n2onr6 x1ja2u2z xeuugli xs83m0k x1xmf6yo x1emribx x1e56ztr x1i64zmx xjl7jj x19h7ccj xu9j1y6 x7ep2pv\">\n<div>\n<div>\n<div class=\"x1yztbdb x1n2onr6 xh8yej3 x1ja2u2z\">\n<div class=\"x1n2onr6 x1ja2u2z\">\n<div class=\"\">\n<div class=\"\">\n<div class=\"x1a2a7pz\" role=\"article\" aria-posinset=\"1\" aria-describedby=\":r3f: :r3g: :r3h: :r3j: :r3i:\" aria-labelledby=\":r3e:\">\n<div class=\"x78zum5 xdt5ytf\">\n<div class=\"x9f619 x1n2onr6 x1ja2u2z\">\n<div class=\"x78zum5 x1n2onr6 xh8yej3\">\n<div class=\"x9f619 x1n2onr6 x1ja2u2z x2bj2ny x1qpq9i9 xdney7k xu5ydu1 xt3gfkd xh8yej3 x6ikm8r x10wlt62 xquyuld\">\n<div>\n<div>\n<div>\n<div>\n<div>\n<div class=\"\" dir=\"auto\">\n<div id=\":r3g:\" class=\"x1iorvi4 x1pi30zi x1l90r2v x1swvt13\" data-ad-comet-preview=\"message\" data-ad-preview=\"message\">\n<div class=\"x78zum5 xdt5ytf xz62fqu x16ldp7u\">\n<div class=\"xu06os2 x1ok221b\">\n<div class=\"xdj266r x11i5rnm xat24cr x1mh8g0r x1vvkbs x126k92a\">\n<div dir=\"auto\">\u201cTransformimi digjital \u00ebsht\u00eb hapi tjet\u00ebr i pashmangsh\u00ebm p\u00ebr nd\u00ebrmarrjet q\u00eb duan t\u00eb mbeten konkurruese dhe t\u00eb vazhdojn\u00eb t\u00eb pushtojn\u00eb tregje t\u00eb reja. N\u00eb k\u00ebt\u00eb proces,\u00a0#FIZHT\u00a0\u00ebsht\u00eb nj\u00eb mik i v\u00ebrtet\u00eb q\u00eb ofron mb\u00ebshtetje p\u00ebr nd\u00ebrmarrjet p\u00ebr t\u2019u p\u00ebrshtatur m\u00eb leht\u00eb me ndryshimet e reja dhe p\u00ebr t\u2019iu p\u00ebrshtatur teknologjive t\u00eb reja\u201d.<\/div>\n<\/div>\n<\/div>\n<\/div>\n<\/div>\n<\/div>\n<\/div>\n<\/div>\n<\/div>\n<\/div>\n<\/div>\n<\/div>\n<\/div>\n<\/div>\n<\/div>\n<\/div>\n<\/div>\n<\/div>\n<\/div>\n<\/div>\n<\/div>\n<\/div>\n<\/div>\n<\/div>\n<\/div>\n<\/div>\n<\/div>\n<\/div>\n<\/div>\n<\/div>\n<\/div>\n<\/div>\n<\/div>\n<\/div>\n<\/div>\n<\/div>\n<\/div>\n<\/div>\n<\/div>\n<\/div>\n<p>K\u00ebt\u00eb e theksoi drejtori Festim Halili, i cili sot foli n\u00eb konferenc\u00ebn \u201cPolicy Dialogue on Aligning Priorities in the Western Balkans\u201d, q\u00eb po mbahet n\u00eb Sarajev\u00eb, Bosnje dhe Hercegovin\u00eb, organizuar nga Western Balkans Info Hub.<\/p>\n<p>N\u00eb fjal\u00ebn e tij, drejtori Halili iu referua procesit t\u00eb digjitalizimit dhe \u00e7far\u00eb aktivitetesh nd\u00ebrmerr #FIZHT p\u00ebr t\u00eb inkurajuar nd\u00ebrmarrjet q\u00eb t\u00eb nd\u00ebrmarrin k\u00ebt\u00eb hap, instrumentet mb\u00ebshtet\u00ebse si dhe aktivitetet e ardhshme t\u00eb Fondit p\u00ebr Mb\u00ebshtetjen e Ekonomis\u00eb s\u00eb Maqedonis\u00eb.<\/p>\n<p>https:\/\/www.facebook.com\/photo\/?fbid=866917134998754&#038;set=pcb.866917504998717<\/p>\n","protected":false},"excerpt":{"rendered":"<p>\u201cTransformimi digjital \u00ebsht\u00eb hapi tjet\u00ebr i pashmangsh\u00ebm p\u00ebr nd\u00ebrmarrjet q\u00eb duan t\u00eb mbeten konkurruese dhe t\u00eb vazhdojn\u00eb t\u00eb pushtojn\u00eb tregje t\u00eb reja. N\u00eb k\u00ebt\u00eb proces,\u00a0#FIZHT\u00a0\u00ebsht\u00eb<\/p>\n","protected":false},"author":14,"featured_media":16285,"comment_status":"open","ping_status":"open","sticky":false,"template":"","format":"standard","meta":{"footnotes":""},"categories":[44],"tags":[],"class_list":["post-16284","post","type-post","status-publish","format-standard","has-post-thumbnail","hentry","category-maqedoni"],"_links":{"self":[{"href":"https:\/\/indeks.bilten.mk\/index.php?rest_route=\/wp\/v2\/posts\/16284","targetHints":{"allow":["GET"]}}],"collection":[{"href":"https:\/\/indeks.bilten.mk\/index.php?rest_route=\/wp\/v2\/posts"}],"about":[{"href":"https:\/\/indeks.bilten.mk\/index.php?rest_route=\/wp\/v2\/types\/post"}],"author":[{"embeddable":true,"href":"https:\/\/indeks.bilten.mk\/index.php?rest_route=\/wp\/v2\/users\/14"}],"replies":[{"embeddable":true,"href":"https:\/\/indeks.bilten.mk\/index.php?rest_route=%2Fwp%2Fv2%2Fcomments&post=16284"}],"version-history":[{"count":0,"href":"https:\/\/indeks.bilten.mk\/index.php?rest_route=\/wp\/v2\/posts\/16284\/revisions"}],"wp:featuredmedia":[{"embeddable":true,"href":"https:\/\/indeks.bilten.mk\/index.php?rest_route=\/wp\/v2\/media\/16285"}],"wp:attachment":[{"href":"https:\/\/indeks.bilten.mk\/index.php?rest_route=%2Fwp%2Fv2%2Fmedia&parent=16284"}],"wp:term":[{"taxonomy":"category","embeddable":true,"href":"https:\/\/indeks.bilten.mk\/index.php?rest_route=%2Fwp%2Fv2%2Fcategories&post=16284"},{"taxonomy":"post_tag","embeddable":true,"href":"https:\/\/indeks.bilten.mk\/index.php?rest_route=%2Fwp%2Fv2%2Ftags&post=16284"}],"curies":[{"name":"wp","href":"https:\/\/api.w.org\/{rel}","templated":true}]}}