{"id":16287,"date":"2023-09-13T15:00:16","date_gmt":"2023-09-13T13:00:16","guid":{"rendered":"https:\/\/indeks.mk\/?p=16287"},"modified":"2023-09-13T15:01:43","modified_gmt":"2023-09-13T13:01:43","slug":"federata-rumune-denon-sjelljen-e-huliganeve-te-tyre-politika-nuk-ka-vend-ne-sport","status":"publish","type":"post","link":"https:\/\/indeks.bilten.mk\/?p=16287","title":{"rendered":"Federata rumune d\u00ebnon sjelljen e huligan\u00ebve t\u00eb tyre: Politika nuk ka vend n\u00eb sport"},"content":{"rendered":"<p><strong>Federata e Futbollit t\u00eb Rumanis\u00eb ka d\u00ebnuar sjelljen e huligan\u00ebve t\u00eb tyre n\u00eb ndeshjen ndaj Kosov\u00ebs ku shpalos\u00ebn banderola nacionaliste dhe b\u00ebn thirrje \u2018Kosova \u00ebsht\u00eb Serbi\u2019.<\/strong><\/p>\n<p>Ndeshja mes Rumanis\u00eb dhe Kosov\u00ebs u nd\u00ebrpre\u00a0p\u00ebr rreth 50 minuta para se futbollist\u00ebt t\u00eb rikthehen n\u00eb fush\u00eb.<\/p>\n<p>Ishin futbollist\u00ebt dardan\u00eb q\u00eb i b\u00ebn t\u00eb qart\u00eb gjyqtarit kryesor se pa u ndalur thirrjet raciste dhe nacionaliste si dhe pa u larguar banderolat nuk do t\u00eb luanin.<\/p>\n<p>Nd\u00ebrkoh\u00eb ka ardhur reagimi i Federat\u00ebs s\u00eb Futbollit t\u00eb Rumanis\u00eb (FRF), q\u00eb ka d\u00ebnuar sjelljen e huligan\u00ebve, derisa kan\u00eb fal\u00ebnderuar pjes\u00ebn tjet\u00ebr t\u00eb mb\u00ebshtet\u00ebsve p\u00ebr p\u00ebrkrahjen q\u00eb i dhan\u00eb.<\/p>\n<div class=\"related-to-article\">\n<div class=\"related-article-i\">\n<div class=\"clearfix\">\u201cFederata e Futbollit t\u00eb Rumanis\u00eb fuqish\u00ebm d\u00ebnon sjelljen e pap\u00ebrgjegjshme t\u00eb grupit t\u00eb shikuesve q\u00eb \u00e7oi n\u00eb nd\u00ebrprerjen e ndeshjes s\u00eb mbr\u00ebmshme nd\u00ebrmjet Rumanis\u00eb dhe Kosov\u00ebs. Fillimisht, ritheksojm\u00eb parimin me t\u00eb cilin qeveriset futbollit n\u00eb Rumani, p\u00ebrkat\u00ebsisht mosnd\u00ebrhyrjes s\u00eb politik\u00ebs n\u00eb aktin sportiv\u201d.<\/div>\n<\/div>\n<\/div>\n<p>\u201cRevizionizmi nuk pranohet n\u00eb futboll dhe FRF d\u00ebnon ashp\u00ebr mesazhet provokuese t\u00eb natyr\u00ebs politike, ideologjike, fetare apo fyese, t\u00eb cilat jan\u00eb kategorikisht t\u00eb ndaluara n\u00eb stadiume\u201d, ka shkruar Federata rumune.<\/p>\n<div class=\"related-to-article\">\n<div class=\"related-article-i\">\n<div class=\"clearfix\">\u201cT\u00eb gjitha k\u00ebto u regjistruan n\u00eb tribunat e Aren\u00ebs Komb\u00ebtare nga nj\u00eb grup i vog\u00ebl i t\u00eb ashtuquajturve mb\u00ebshtet\u00ebs, duke ndikuar n\u00eb rrjedh\u00ebn normale t\u00eb ndeshjes. Aktet e huliganizmit u hodh\u00ebn posht\u00eb nga pjesa tjet\u00ebr e spektator\u00ebve n\u00eb stadium, t\u00eb cil\u00ebt u privuan nga nj\u00eb spektak\u00ebl futbolli q\u00eb d\u00ebshironin dhe p\u00ebr t\u00eb cilin paguan nj\u00eb bilet\u00eb\u201d.<\/div>\n<\/div>\n<\/div>\n<p>\u201cFRF shpreh keqardhjen p\u00ebr p\u00ebrvoj\u00ebn e keqe t\u00eb p\u00ebrjetuar nga shumica e shikuesve dhe gjithashtu i fal\u00ebnderon ata p\u00ebr mb\u00ebshtetjen fantastike q\u00eb i ofruan \u2018trengjyr\u00ebshve\u2019 n\u00eb pjes\u00ebn e dyt\u00eb t\u00eb ndeshjes, duke i \u00e7uar n\u00eb nj\u00eb fitore dramatike!\u201d thuhet n\u00eb deklarat\u00ebn e FRF.\u00a0<em><strong>\/Telegrafi\/<\/strong><\/em><\/p>\n","protected":false},"excerpt":{"rendered":"<p>Federata e Futbollit t\u00eb Rumanis\u00eb ka d\u00ebnuar sjelljen e huligan\u00ebve t\u00eb tyre n\u00eb ndeshjen ndaj Kosov\u00ebs ku shpalos\u00ebn banderola nacionaliste dhe b\u00ebn thirrje \u2018Kosova \u00ebsht\u00eb<\/p>\n","protected":false},"author":14,"featured_media":16288,"comment_status":"open","ping_status":"open","sticky":false,"template":"","format":"standard","meta":{"footnotes":""},"categories":[48],"tags":[],"class_list":["post-16287","post","type-post","status-publish","format-standard","has-post-thumbnail","hentry","category-sport"],"_links":{"self":[{"href":"https:\/\/indeks.bilten.mk\/index.php?rest_route=\/wp\/v2\/posts\/16287","targetHints":{"allow":["GET"]}}],"collection":[{"href":"https:\/\/indeks.bilten.mk\/index.php?rest_route=\/wp\/v2\/posts"}],"about":[{"href":"https:\/\/indeks.bilten.mk\/index.php?rest_route=\/wp\/v2\/types\/post"}],"author":[{"embeddable":true,"href":"https:\/\/indeks.bilten.mk\/index.php?rest_route=\/wp\/v2\/users\/14"}],"replies":[{"embeddable":true,"href":"https:\/\/indeks.bilten.mk\/index.php?rest_route=%2Fwp%2Fv2%2Fcomments&post=16287"}],"version-history":[{"count":0,"href":"https:\/\/indeks.bilten.mk\/index.php?rest_route=\/wp\/v2\/posts\/16287\/revisions"}],"wp:featuredmedia":[{"embeddable":true,"href":"https:\/\/indeks.bilten.mk\/index.php?rest_route=\/wp\/v2\/media\/16288"}],"wp:attachment":[{"href":"https:\/\/indeks.bilten.mk\/index.php?rest_route=%2Fwp%2Fv2%2Fmedia&parent=16287"}],"wp:term":[{"taxonomy":"category","embeddable":true,"href":"https:\/\/indeks.bilten.mk\/index.php?rest_route=%2Fwp%2Fv2%2Fcategories&post=16287"},{"taxonomy":"post_tag","embeddable":true,"href":"https:\/\/indeks.bilten.mk\/index.php?rest_route=%2Fwp%2Fv2%2Ftags&post=16287"}],"curies":[{"name":"wp","href":"https:\/\/api.w.org\/{rel}","templated":true}]}}