{"id":16295,"date":"2023-09-13T15:13:35","date_gmt":"2023-09-13T13:13:35","guid":{"rendered":"https:\/\/indeks.mk\/?p=16295"},"modified":"2023-09-13T15:13:35","modified_gmt":"2023-09-13T13:13:35","slug":"albulena-haxhiu-kodi-civil-votohet-kete-vit-kosova-eshte-vend-qe-respekton-te-drejtat-e-njeriut","status":"publish","type":"post","link":"https:\/\/indeks.bilten.mk\/?p=16295","title":{"rendered":"Albulena Haxhiu: Kodi Civil votohet k\u00ebt\u00eb vit, Kosova \u00ebsht\u00eb vend q\u00eb respekton t\u00eb drejtat e njeriut&#8230;"},"content":{"rendered":"<p>Ministrja e Drejt\u00ebsis\u00eb, Albulena Haxhiu tha se Kodi Civili do t\u00eb procedohet p\u00ebr votim n\u00eb Kuvend k\u00ebt\u00eb vit.<\/p>\n<p>Ajo sqaroi se k\u00ebt\u00eb vit n\u00eb Kosov\u00eb p\u00ebr vizit\u00eb do t\u00eb q\u00ebndroj\u00eb nj\u00eb delegacion i K\u00ebshillit t\u00eb Evrop\u00ebs, duk shtuar se institucionet duhet t\u00eb d\u00ebshmojn\u00eb se jan\u00eb pro avancimit t\u00eb te drejtave t\u00eb njeriut.<\/p>\n<p>Madje ka ftuar deputet\u00ebt e pozit\u00ebs e opozit\u00ebs q\u00eb ta votojn\u00eb si\u00e7 tha nj\u00eb dokument shum\u00eb t\u00eb r\u00ebnd\u00ebsish\u00ebm, p\u00ebr \u00e7ka tha se kan\u00eb diskutuar me bashk\u00ebpartiak\u00ebt q\u00eb jan\u00eb kund\u00ebr.<\/p>\n<p>\u201cUn\u00eb kam th\u00ebn\u00eb q\u00eb brenda k\u00ebtij viti do t\u00eb procedohet Kodi Civil, konsideroj q\u00eb \u00ebsht\u00eb nj\u00eb dokument shum\u00eb i r\u00ebnd\u00ebsish\u00ebm dhe sidomos duke pasur parasysh q\u00eb delegacioni nga K\u00ebshilli i Evrop\u00ebs do t\u00eb vij n\u00eb Kosov\u00eb gjat\u00eb k\u00ebtij viti, \u00ebsht\u00eb mir\u00eb q\u00eb Kosova t\u00eb d\u00ebshmoj si vend q\u00eb \u00ebsht\u00eb p\u00ebr avancimin e t\u00eb drejtave t\u00eb njeriut\u201d.<\/p>\n<p>\u201cNe do ta zbatojm\u00eb programin qeveris\u00ebs q\u00eb e kemi, do ta zbatojm\u00eb agjend\u00ebn legjislative q\u00eb e kemi, i ftoj deputet\u00ebt e Kuvendit, q\u00eb t\u00eb japin mb\u00ebshtetje p\u00ebr nj\u00eb dokument q\u00eb konsideroj q\u00eb \u00ebsht\u00eb shum\u00eb i r\u00ebnd\u00ebsish\u00ebm p\u00ebr qytetar\u00ebt e Republik\u00ebs s\u00eb Kosov\u00ebs, ne e kemi pas diskutim me deputet\u00ebt e grupit ton\u00eb parlamentar, tani m\u00eb s\u00eb miri do ta shihni kur ky projektligj do t\u00eb kaloj n\u00eb Kuvendin e Kosov\u00ebs\u201d.<\/p>\n<p>\u201cUn\u00eb mendoj q\u00eb do t\u00eb duhej t\u00eb kaloj, nuk besoj q\u00eb Kosova do t\u00eb ishte nj\u00eb shembull i mir\u00eb n\u00eb qoft\u00eb se p\u00ebr her\u00eb t\u00eb dyt\u00eb rr\u00ebzohet nj\u00eb dokument si\u00e7 \u00ebsht\u00eb Kodi Civil, prandaj duke pasur parasysh k\u00ebt\u00eb \u00e7\u00ebshtje, uroj q\u00eb deputet\u00ebt e grupit parlamentar t\u00eb Vet\u00ebvendosjes dhe opozit\u00ebs, sepse edhe ata nj\u00ebsoj e kan\u00eb p\u00ebr obligim ta mb\u00ebshtesin t\u00eb nj\u00ebjtin\u201d.<\/p>\n<p>Duke folur p\u00ebr padin\u00eb e deputetes s\u00eb PDK-s\u00eb, Blerta Deliu-Kodr\u00ebs, ajo tha se nuk a ka par\u00eb k\u00ebt\u00eb dokument, por q\u00eb insiston q\u00eb ajo ka keqp\u00ebrdorur buxhetin e shtetit.<\/p>\n<p>Madje shtoi se do t\u2019i drejtohen Komisionit Disiplinor p\u00ebr shkeljen e b\u00ebr\u00eb n\u00eb Komisionin p\u00ebr Kompensimin e Viktimave t\u00eb Krimit, raporton EO.<\/p>\n<p>\u201cUn\u00eb nuk e kam par\u00eb padin\u00eb, un\u00eb kam njoftuar Komisionin p\u00ebr Legjislacion q\u00eb zonja Deliu-Kodra, ka qen\u00eb dhe vazhdon t\u00eb jet\u00eb an\u00ebtare e Komisionit p\u00ebr Kompensimin e Viktimave t\u00eb Krimit dhe \u00ebsht\u00eb kompensuar n\u00eb shp\u00ebrputhje me legjislacionin n\u00eb fuqi, ligji p\u00ebr kompensimin e viktimave t\u00eb krimit, vendimi i Qeveris\u00eb s\u00eb Republik\u00ebs s\u00eb Kosov\u00ebs, para sheh q\u00eb kompensohesh vet\u00ebm n\u00ebse merr pjes\u00eb n\u00eb mbledhjet e Komisionit dhe ka rezultuar q\u00eb ajo ndon\u00ebse nuk ka marr\u00eb pjes\u00eb n\u00eb mbledhjet e Komisionit \u00ebsht\u00eb kompensuar, sigurisht q\u00eb p\u00ebr k\u00ebt\u00eb mbajn\u00eb p\u00ebrgjegj\u00ebsi personat p\u00ebrgjegj\u00ebs n\u00eb kuad\u00ebr t\u00eb Ministris\u00eb s\u00eb Drejt\u00ebsis\u00eb tashm\u00eb jemi duke i verifikuar t\u00eb gjitha hallkat e personat q\u00eb kan\u00eb k\u00ebt\u00eb p\u00ebrgjegj\u00ebsi dhe siguri q\u00eb do t\u00eb procedojn\u00eb n\u00eb Komisionin Disiplinor, sepse shp\u00ebrdorimi i paras\u00eb publike, keqp\u00ebrdorimi i buxhetit publik \u00ebsht\u00eb vep\u00ebr penale prandaj edhe duhet t\u00eb marrim p\u00ebrgjegj\u00ebsi p\u00ebr k\u00ebt\u00eb\u201d. \/EO<\/p>\n","protected":false},"excerpt":{"rendered":"<p>Ministrja e Drejt\u00ebsis\u00eb, Albulena Haxhiu tha se Kodi Civili do t\u00eb procedohet p\u00ebr votim n\u00eb Kuvend k\u00ebt\u00eb vit. Ajo sqaroi se k\u00ebt\u00eb vit n\u00eb Kosov\u00eb<\/p>\n","protected":false},"author":14,"featured_media":0,"comment_status":"open","ping_status":"open","sticky":false,"template":"","format":"standard","meta":{"footnotes":""},"categories":[45],"tags":[],"class_list":["post-16295","post","type-post","status-publish","format-standard","hentry","category-rajoni"],"_links":{"self":[{"href":"https:\/\/indeks.bilten.mk\/index.php?rest_route=\/wp\/v2\/posts\/16295","targetHints":{"allow":["GET"]}}],"collection":[{"href":"https:\/\/indeks.bilten.mk\/index.php?rest_route=\/wp\/v2\/posts"}],"about":[{"href":"https:\/\/indeks.bilten.mk\/index.php?rest_route=\/wp\/v2\/types\/post"}],"author":[{"embeddable":true,"href":"https:\/\/indeks.bilten.mk\/index.php?rest_route=\/wp\/v2\/users\/14"}],"replies":[{"embeddable":true,"href":"https:\/\/indeks.bilten.mk\/index.php?rest_route=%2Fwp%2Fv2%2Fcomments&post=16295"}],"version-history":[{"count":0,"href":"https:\/\/indeks.bilten.mk\/index.php?rest_route=\/wp\/v2\/posts\/16295\/revisions"}],"wp:attachment":[{"href":"https:\/\/indeks.bilten.mk\/index.php?rest_route=%2Fwp%2Fv2%2Fmedia&parent=16295"}],"wp:term":[{"taxonomy":"category","embeddable":true,"href":"https:\/\/indeks.bilten.mk\/index.php?rest_route=%2Fwp%2Fv2%2Fcategories&post=16295"},{"taxonomy":"post_tag","embeddable":true,"href":"https:\/\/indeks.bilten.mk\/index.php?rest_route=%2Fwp%2Fv2%2Ftags&post=16295"}],"curies":[{"name":"wp","href":"https:\/\/api.w.org\/{rel}","templated":true}]}}