{"id":16297,"date":"2023-09-13T15:16:10","date_gmt":"2023-09-13T13:16:10","guid":{"rendered":"https:\/\/indeks.mk\/?p=16297"},"modified":"2023-09-13T15:16:10","modified_gmt":"2023-09-13T13:16:10","slug":"konflikti-i-qershorit-rama-mbledhjen-e-qeverive-e-anuluam-njeanshem-sishte-koha-per-valle","status":"publish","type":"post","link":"https:\/\/indeks.bilten.mk\/?p=16297","title":{"rendered":"Konflikti i qershorit, Rama: Mbledhjen e qeverive e anuluam nj\u00ebansh\u00ebm, s\u2019ishte koha p\u00ebr valle!"},"content":{"rendered":"<p><strong>Kryeministri i Shqip\u00ebris\u00eb, Edi Rama, s\u00ebrish i \u00ebsht\u00eb kthyer tem\u00ebs s\u00eb anulimit t\u00eb mbledhjes s\u00eb p\u00ebrbashk\u00ebt t\u00eb dy qeverive Kosov\u00eb-Shqip\u00ebri.<\/strong><\/p>\n<p>Derisa ka folur p\u00ebr procesin e dialogut dhe raportet e Kosov\u00ebs me Serbin\u00eb, Rama tha se s\u2019\u00ebsht\u00eb penduar q\u00eb e ka nd\u00ebrmarr\u00eb k\u00ebt\u00eb veprim t\u00eb nj\u00ebansh\u00ebm. Ai madje thot\u00eb se do ta b\u00ebnte edhe nj\u00ebqind her\u00eb t\u00eb tjera n\u00ebse arsyeja do t\u00eb ishte e nj\u00ebjt\u00eb.<\/p>\n<div class=\"\">\n<div id=\"M634059ScriptRootC1190148_17b88\">\n<div id=\"MarketGidComposite1190148_17b88\">\u201cNj\u00ebqind her\u00eb t\u00eb ktheheshim mbrapsht nj\u00ebqind her\u00eb do ta anulonim, sepse s\u00eb pari, Shqip\u00ebria \u00ebsht\u00eb nj\u00eb an\u00ebtar p\u00ebrgjegj\u00ebs i komunitetit euroatlantik edhe kur duhet t\u00eb pozicionohet n\u00eb raport me gabimet e veta, e jo m\u00eb kur duhet t\u00eb pozicionohet n\u00eb raport me gabimet e Kosov\u00ebs apo l\u00ebre pastaj me ato t\u00eb t\u00eb tjer\u00ebve\u201d.<\/div>\n<\/div>\n<\/div>\n<p>Rama tha se nuk e shihte si t\u00eb duhur koh\u00ebn q\u00eb Kosova e Shqip\u00ebria \u201ct\u00eb hidhnin valle dyshe\u201d n\u00eb Prizren, derisa Kosova u nd\u00ebshkua nga partner\u00ebt e saj nd\u00ebrkomb\u00ebtar\u00eb.<\/p>\n<p>\u201cE s\u00eb dyti, sepse ai ishte momenti m\u00eb i gabuar p\u00ebr t\u00eb hedhur nj\u00eb valle dyshe shpatash n\u00eb Prizren, n\u00eb nd\u00ebrkoh\u00ebn kur Kosova duhet t\u00eb ishte n\u00eb an\u00ebn e t\u00eb ardhmes, krah p\u00ebr krah me aleat\u00ebt e saj strategjik\u00eb, e jo n\u00eb an\u00ebn e t\u00eb shkuar\u00ebs, prej ku ushqehen edhe teorit\u00eb helmuese t\u00eb konspiracionit shqiptaromadh\u201d, ka shkruar Rama.<\/p>\n<p>Ai po ashtu tha se pavar\u00ebsisht se kush \u00ebsht\u00eb n\u00eb krye t\u00eb ekzekutivit kosovar, Kosova duhet t\u00eb zbatoj\u00eb zotimet nd\u00ebrkomb\u00ebtare, p\u00ebrfshir\u00eb k\u00ebtu edhe Asociacionin.<\/p>\n<p>M\u00eb pas, i vet\u00ebdijsh\u00ebm se ishte nj\u00eb l\u00ebvizje e pazakont\u00eb, iu paraqita aleat\u00ebve tan\u00eb strategjik\u00eb kontributin e Shqip\u00ebris\u00eb n\u00eb diskutimet e vazhdueshme p\u00ebr krijimin e Asociacionit t\u00eb Komunave me shumic\u00eb Serbe, sepse jam plot\u00ebsisht n\u00eb nj\u00eb mendje me ta p\u00ebr nevoj\u00ebn e zbatimit rigoroz t\u00eb gjith\u00e7kaje p\u00ebr t\u00eb cil\u00ebn shteti i Kosov\u00ebs \u00ebsht\u00eb zotuar. Qeverit\u00eb vejevijn\u00eb, por shtetet serioze nuk vejevijn\u00eb n\u00eb zotimet e tyre nd\u00ebrkomb\u00ebtare nj\u00ebsoj si qeverit\u00eb.\/Express\/<\/p>\n","protected":false},"excerpt":{"rendered":"<p>Kryeministri i Shqip\u00ebris\u00eb, Edi Rama, s\u00ebrish i \u00ebsht\u00eb kthyer tem\u00ebs s\u00eb anulimit t\u00eb mbledhjes s\u00eb p\u00ebrbashk\u00ebt t\u00eb dy qeverive Kosov\u00eb-Shqip\u00ebri. Derisa ka folur p\u00ebr procesin<\/p>\n","protected":false},"author":14,"featured_media":16298,"comment_status":"open","ping_status":"open","sticky":false,"template":"","format":"standard","meta":{"footnotes":""},"categories":[45],"tags":[],"class_list":["post-16297","post","type-post","status-publish","format-standard","has-post-thumbnail","hentry","category-rajoni"],"_links":{"self":[{"href":"https:\/\/indeks.bilten.mk\/index.php?rest_route=\/wp\/v2\/posts\/16297","targetHints":{"allow":["GET"]}}],"collection":[{"href":"https:\/\/indeks.bilten.mk\/index.php?rest_route=\/wp\/v2\/posts"}],"about":[{"href":"https:\/\/indeks.bilten.mk\/index.php?rest_route=\/wp\/v2\/types\/post"}],"author":[{"embeddable":true,"href":"https:\/\/indeks.bilten.mk\/index.php?rest_route=\/wp\/v2\/users\/14"}],"replies":[{"embeddable":true,"href":"https:\/\/indeks.bilten.mk\/index.php?rest_route=%2Fwp%2Fv2%2Fcomments&post=16297"}],"version-history":[{"count":0,"href":"https:\/\/indeks.bilten.mk\/index.php?rest_route=\/wp\/v2\/posts\/16297\/revisions"}],"wp:featuredmedia":[{"embeddable":true,"href":"https:\/\/indeks.bilten.mk\/index.php?rest_route=\/wp\/v2\/media\/16298"}],"wp:attachment":[{"href":"https:\/\/indeks.bilten.mk\/index.php?rest_route=%2Fwp%2Fv2%2Fmedia&parent=16297"}],"wp:term":[{"taxonomy":"category","embeddable":true,"href":"https:\/\/indeks.bilten.mk\/index.php?rest_route=%2Fwp%2Fv2%2Fcategories&post=16297"},{"taxonomy":"post_tag","embeddable":true,"href":"https:\/\/indeks.bilten.mk\/index.php?rest_route=%2Fwp%2Fv2%2Ftags&post=16297"}],"curies":[{"name":"wp","href":"https:\/\/api.w.org\/{rel}","templated":true}]}}