{"id":16300,"date":"2023-09-13T15:20:12","date_gmt":"2023-09-13T13:20:12","guid":{"rendered":"https:\/\/indeks.mk\/?p=16300"},"modified":"2023-09-13T15:20:12","modified_gmt":"2023-09-13T13:20:12","slug":"kiara-e-luizi-po-behen-prinder","status":"publish","type":"post","link":"https:\/\/indeks.bilten.mk\/?p=16300","title":{"rendered":"Kiara e Luizi po b\u00ebhen prind\u00ebr"},"content":{"rendered":"<p>Kiara Tito dhe Luiz Ejlli jan\u00eb \u00e7ifti m\u00eb i p\u00ebrfolur i momentit. Dashuria dhe martesa e tyre u realizua n\u00eb Big Brother por u shoq\u00ebrua me polemika edhe jasht\u00eb.<\/p>\n<p>Dit\u00ebn e djeshme Luizi ka publikuar nj\u00eb story pran\u00eb nj\u00eb gruaje shtatz\u00ebn\u00eb dhe shkruan; Rrahjet m\u00eb t\u00eb bukura n\u00eb bot\u00eb. Duke hedhur k\u00ebshtu disa aludime.<\/p>\n<figure class=\"wp-block-image\"><img decoding=\"async\" class=\"wp-image-60908\" src=\"https:\/\/kryefjala.com\/wp-content\/uploads\/2023\/09\/68C05F44-F16C-419F-A1A7-C127DB17DB4F.jpeg\" alt=\"68C05F44 F16C 419F A1A7 C127DB17DB4F\" \/><\/figure>\n<p>&nbsp;<\/p>\n<p>Burime p\u00ebr Kryefjala.com kan\u00eb zbuluar dit\u00ebn e sotme se Kiara Tito \u00ebsht\u00eb n\u00eb pritje t\u00eb \u00ebmb\u00ebl, rreth 5 jav\u00ebshe shtatz\u00ebn\u00eb.<\/p>\n<p>I urojm\u00eb shtatzani t\u00eb leht\u00eb!<\/p>\n","protected":false},"excerpt":{"rendered":"<p>Kiara Tito dhe Luiz Ejlli jan\u00eb \u00e7ifti m\u00eb i p\u00ebrfolur i momentit. Dashuria dhe martesa e tyre u realizua n\u00eb Big Brother por u shoq\u00ebrua<\/p>\n","protected":false},"author":14,"featured_media":16301,"comment_status":"open","ping_status":"open","sticky":false,"template":"","format":"standard","meta":{"footnotes":""},"categories":[49],"tags":[],"class_list":["post-16300","post","type-post","status-publish","format-standard","has-post-thumbnail","hentry","category-showbiz"],"_links":{"self":[{"href":"https:\/\/indeks.bilten.mk\/index.php?rest_route=\/wp\/v2\/posts\/16300","targetHints":{"allow":["GET"]}}],"collection":[{"href":"https:\/\/indeks.bilten.mk\/index.php?rest_route=\/wp\/v2\/posts"}],"about":[{"href":"https:\/\/indeks.bilten.mk\/index.php?rest_route=\/wp\/v2\/types\/post"}],"author":[{"embeddable":true,"href":"https:\/\/indeks.bilten.mk\/index.php?rest_route=\/wp\/v2\/users\/14"}],"replies":[{"embeddable":true,"href":"https:\/\/indeks.bilten.mk\/index.php?rest_route=%2Fwp%2Fv2%2Fcomments&post=16300"}],"version-history":[{"count":0,"href":"https:\/\/indeks.bilten.mk\/index.php?rest_route=\/wp\/v2\/posts\/16300\/revisions"}],"wp:featuredmedia":[{"embeddable":true,"href":"https:\/\/indeks.bilten.mk\/index.php?rest_route=\/wp\/v2\/media\/16301"}],"wp:attachment":[{"href":"https:\/\/indeks.bilten.mk\/index.php?rest_route=%2Fwp%2Fv2%2Fmedia&parent=16300"}],"wp:term":[{"taxonomy":"category","embeddable":true,"href":"https:\/\/indeks.bilten.mk\/index.php?rest_route=%2Fwp%2Fv2%2Fcategories&post=16300"},{"taxonomy":"post_tag","embeddable":true,"href":"https:\/\/indeks.bilten.mk\/index.php?rest_route=%2Fwp%2Fv2%2Ftags&post=16300"}],"curies":[{"name":"wp","href":"https:\/\/api.w.org\/{rel}","templated":true}]}}