{"id":16306,"date":"2023-09-13T15:27:27","date_gmt":"2023-09-13T13:27:27","guid":{"rendered":"https:\/\/indeks.mk\/?p=16306"},"modified":"2023-09-13T15:27:27","modified_gmt":"2023-09-13T13:27:27","slug":"njihuni-me-auronen-vajzen-17-vjecare-te-robert-berishes-foto","status":"publish","type":"post","link":"https:\/\/indeks.bilten.mk\/?p=16306","title":{"rendered":"Njihuni me Auron\u00ebn, vajz\u00ebn 17 vje\u00e7are t\u00eb Robert Berish\u00ebs (FOTO)"},"content":{"rendered":"<p>Moderatori kosovar, Robert Berisha\u00a0ka t\u00ebrhequr v\u00ebmendjen n\u00eb mediat roz\u00eb p\u00ebr jet\u00ebn e tij personale.<\/p>\n<p>N\u00eb nj\u00eb intervist\u00eb televizive<strong>\u00a0<\/strong>ka folur si rrall\u00eb her\u00eb p\u00ebr jet\u00ebn e tij personale, teksa ishte i ftuar n\u00eb \u2018ATV\u2019, Roberti zbuloi p\u00ebr her\u00eb t\u00eb par\u00eb se pse nuk e kishte b\u00ebr\u00eb publike deri tani vajz\u00ebn e tij t\u00eb madhe, e cila sot \u00ebsht\u00eb 17-vje\u00e7.<\/p>\n<div class=\"code-block code-block-2\">\n<p>Ai tregoi se arsyeja kryesore ka qen\u00eb mosha e saj, nd\u00ebrsa shtoi se ka dashur q\u00eb ajo fillimisht t\u00eb rritej dhe m\u00eb pas t\u00eb vendoste vet\u00eb n\u00ebse do t\u00eb d\u00ebshironte t\u00eb ishte nj\u00eb person publik apo jo.<\/p>\n<p><img decoding=\"async\" class=\"alignnone wp-image-22711 size-full ls-is-cached lazyloaded td-animation-stack-type0-2\" src=\"https:\/\/tiranare.com\/wp-content\/uploads\/2023\/09\/Pasted-41-6.jpg\" data-src=\"https:\/\/tiranare.com\/wp-content\/uploads\/2023\/09\/Pasted-41-6.jpg\" data-eio-rwidth=\"395\" data-eio-rheight=\"602\" \/><img decoding=\"async\" class=\"alignnone wp-image-22711 size-full ls-is-cached lazyloaded td-animation-stack-type0-2\" src=\"https:\/\/tiranare.com\/wp-content\/uploads\/2023\/09\/Pasted-41-6.jpg\" data-src=\"https:\/\/tiranare.com\/wp-content\/uploads\/2023\/09\/Pasted-41-6.jpg\" data-eio-rwidth=\"395\" data-eio-rheight=\"602\" \/><\/p>\n<div class=\"code-block code-block-1\">\n<p>\u201c<em>Shum\u00eb prej jet\u00ebs private kam treguar, ndoshta k\u00ebt\u00eb nuk kam pasur qejf p\u00ebr ta treguar, sepse ndoshta as ajo nuk ka qen\u00eb gati. Kam pasur qejf t\u00eb rritet nj\u00ebher\u00eb, q\u00eb t\u00eb jet\u00eb e gatshme ajo me th\u00ebn\u00eb \u201cbab\u00eb, a ke qejf tani ti me u b\u00eb \u00a0publike\u201d. Tashm\u00eb \u00ebsht\u00eb rritur dhe normal q\u00eb komunikojm\u00eb, edhe normal ka pranu, edhe normal q\u00eb un\u00eb q\u00eb vjet p\u00ebr dat\u00eblindje kur i ka b\u00ebr\u00eb 16 vjet, e kam postu\u201d<\/em>, rr\u00ebfeu Roberti.<\/p>\n<\/div>\n<div class=\"code-block code-block-4\">\n<p>Kujtojm\u00eb se Berisha ka edhe nj\u00eb vajz\u00eb tjet\u00ebr, Renne, t\u00eb cil\u00ebn e ka me k\u00ebng\u00ebtaren e njohur Nora Istrefi.<\/p>\n<\/div>\n<\/div>\n","protected":false},"excerpt":{"rendered":"<p>Moderatori kosovar, Robert Berisha\u00a0ka t\u00ebrhequr v\u00ebmendjen n\u00eb mediat roz\u00eb p\u00ebr jet\u00ebn e tij personale. N\u00eb nj\u00eb intervist\u00eb televizive\u00a0ka folur si rrall\u00eb her\u00eb p\u00ebr jet\u00ebn e<\/p>\n","protected":false},"author":14,"featured_media":0,"comment_status":"open","ping_status":"open","sticky":false,"template":"","format":"standard","meta":{"footnotes":""},"categories":[49],"tags":[],"class_list":["post-16306","post","type-post","status-publish","format-standard","hentry","category-showbiz"],"_links":{"self":[{"href":"https:\/\/indeks.bilten.mk\/index.php?rest_route=\/wp\/v2\/posts\/16306","targetHints":{"allow":["GET"]}}],"collection":[{"href":"https:\/\/indeks.bilten.mk\/index.php?rest_route=\/wp\/v2\/posts"}],"about":[{"href":"https:\/\/indeks.bilten.mk\/index.php?rest_route=\/wp\/v2\/types\/post"}],"author":[{"embeddable":true,"href":"https:\/\/indeks.bilten.mk\/index.php?rest_route=\/wp\/v2\/users\/14"}],"replies":[{"embeddable":true,"href":"https:\/\/indeks.bilten.mk\/index.php?rest_route=%2Fwp%2Fv2%2Fcomments&post=16306"}],"version-history":[{"count":0,"href":"https:\/\/indeks.bilten.mk\/index.php?rest_route=\/wp\/v2\/posts\/16306\/revisions"}],"wp:attachment":[{"href":"https:\/\/indeks.bilten.mk\/index.php?rest_route=%2Fwp%2Fv2%2Fmedia&parent=16306"}],"wp:term":[{"taxonomy":"category","embeddable":true,"href":"https:\/\/indeks.bilten.mk\/index.php?rest_route=%2Fwp%2Fv2%2Fcategories&post=16306"},{"taxonomy":"post_tag","embeddable":true,"href":"https:\/\/indeks.bilten.mk\/index.php?rest_route=%2Fwp%2Fv2%2Ftags&post=16306"}],"curies":[{"name":"wp","href":"https:\/\/api.w.org\/{rel}","templated":true}]}}