{"id":16310,"date":"2023-09-13T21:19:19","date_gmt":"2023-09-13T19:19:19","guid":{"rendered":"https:\/\/indeks.mk\/?p=16310"},"modified":"2023-09-13T21:19:19","modified_gmt":"2023-09-13T19:19:19","slug":"nuhiu-paralajmeron-padi-per-kryetarin-e-velesit-dhe-te-gazi-babes","status":"publish","type":"post","link":"https:\/\/indeks.bilten.mk\/?p=16310","title":{"rendered":"Nuhiu paralajm\u00ebron padi p\u00ebr kryetarin e Velesit dhe t\u00eb Gazi Bab\u00ebs"},"content":{"rendered":"<p>Z\u00ebvend\u00ebsministri i arsimit Agim Nuhiu, n\u00eb intervist\u00ebn e lajmeve t\u00eb or\u00ebs 19 tha se dikasteri i tij po shqyrton mund\u00ebsin\u00eb p\u00ebr t\u00eb denoncuar penalisht kryetarin e Komun\u00ebs s\u00eb Velesit Marko Kolev dhe at\u00eb t\u00eb Gazi Bab\u00ebs Boban Stevskovski p\u00ebr diskriminimin e nx\u00ebn\u00ebsve shqiptar\u00eb n\u00eb komunat e tyre. Nuhiu tha se dy kryetar\u00ebt po shkelin po shkelin nenin 137 t\u00eb Kodit Penal duke u pamund\u00ebsuar nx\u00ebn\u00ebsve m\u00ebsimin n\u00eb gjuh\u00ebn amtare dhe rrezikojn\u00eb t\u00eb d\u00ebnime nga 6 muaj deri n\u00eb 5 vite burg.<\/p>\n<p>\u201cNe jemi duke menduar q\u00eb edhe ne t\u2019i shfryt\u00ebzojm\u00eb instrumentat e karakterit penal juridik, \u00ebsht\u00eb neni 137 i Kodit Penal q\u00eb sanksionon \u00e7\u00ebshtjen e barazis\u00eb dhe mos diskriminimit. Cilido kryetar i komun\u00ebs, p\u00ebrfshir\u00eb edhe ai i Gazi Bab\u00ebs, kur do t\u00eb ngritet padi penale, kur do t\u2019i vendohen prangat p\u00ebr vep\u00ebr penale, a e dini sa \u00ebsht\u00eb vepra penale e nd\u00ebshkueshme 6 muaj deri n\u00eb 5 vite burg. Kur t\u2019ia vendos\u00ebsh prangat cilitdo kryetar komune q\u00eb diskriminon qoft\u00eb edhe nj\u00eb f\u00ebmij\u00eb shqiptar\u00eb ne p\u00ebrcjellim tjet\u00ebr mesazh, se funksionojn\u00eb institucionet e sistemit dhe jo vet\u00ebm t\u00eb n\u00eb beteja politike dhe t\u00eb b\u00ebjm\u00eb filmin e vizatuar \u201cTomi dhe Xheri\u201d, deklaroi Agim Nuhiu, zv.minist\u00ebr i Arsimit.<\/p>\n<p><strong>Do t\u00eb merrni ju iniciativ\u00eb t\u00eb till\u00eb?<\/strong><\/p>\n<p>\u201cNe jemi duke menduar q\u00eb t\u2019i denoncojm\u00eb p\u00ebr konsumim t\u00eb vepr\u00ebs penale sipas nenit 137 i Kodit Penal. Askujt t\u00eb mos i shkoj\u00eb mendja t\u00eb luaj me ndjenjat dhe me interesat e f\u00ebmij\u00ebve shqiptar\u00eb dhe t\u00eb tjer\u00ebve\u201d, u p\u00ebrgjigj Agim Nuhiu, zv.minist\u00ebr i arsimit. \/<strong>Alsat.mk<\/strong><\/p>\n<p><strong><iframe loading=\"lazy\" class=\"entered litespeed-loaded\" src=\"https:\/\/www.facebook.com\/plugins\/video.php?height=314&amp;href=https%3A%2F%2Fwww.facebook.com%2Falsatnmk%2Fvideos%2F6918570528195489%2F&amp;show_text=false&amp;width=560&amp;t=0\" width=\"560\" height=\"314\" frameborder=\"0\" scrolling=\"no\" allowfullscreen=\"allowfullscreen\" data-lazyloaded=\"1\" data-src=\"https:\/\/www.facebook.com\/plugins\/video.php?height=314&amp;href=https%3A%2F%2Fwww.facebook.com%2Falsatnmk%2Fvideos%2F6918570528195489%2F&amp;show_text=false&amp;width=560&amp;t=0\" data-ll-status=\"loaded\" data-mce-fragment=\"1\"><\/iframe><\/strong><\/p>\n","protected":false},"excerpt":{"rendered":"<p>Z\u00ebvend\u00ebsministri i arsimit Agim Nuhiu, n\u00eb intervist\u00ebn e lajmeve t\u00eb or\u00ebs 19 tha se dikasteri i tij po shqyrton mund\u00ebsin\u00eb p\u00ebr t\u00eb denoncuar penalisht kryetarin<\/p>\n","protected":false},"author":14,"featured_media":0,"comment_status":"open","ping_status":"open","sticky":false,"template":"","format":"standard","meta":{"footnotes":""},"categories":[44],"tags":[],"class_list":["post-16310","post","type-post","status-publish","format-standard","hentry","category-maqedoni"],"_links":{"self":[{"href":"https:\/\/indeks.bilten.mk\/index.php?rest_route=\/wp\/v2\/posts\/16310","targetHints":{"allow":["GET"]}}],"collection":[{"href":"https:\/\/indeks.bilten.mk\/index.php?rest_route=\/wp\/v2\/posts"}],"about":[{"href":"https:\/\/indeks.bilten.mk\/index.php?rest_route=\/wp\/v2\/types\/post"}],"author":[{"embeddable":true,"href":"https:\/\/indeks.bilten.mk\/index.php?rest_route=\/wp\/v2\/users\/14"}],"replies":[{"embeddable":true,"href":"https:\/\/indeks.bilten.mk\/index.php?rest_route=%2Fwp%2Fv2%2Fcomments&post=16310"}],"version-history":[{"count":0,"href":"https:\/\/indeks.bilten.mk\/index.php?rest_route=\/wp\/v2\/posts\/16310\/revisions"}],"wp:attachment":[{"href":"https:\/\/indeks.bilten.mk\/index.php?rest_route=%2Fwp%2Fv2%2Fmedia&parent=16310"}],"wp:term":[{"taxonomy":"category","embeddable":true,"href":"https:\/\/indeks.bilten.mk\/index.php?rest_route=%2Fwp%2Fv2%2Fcategories&post=16310"},{"taxonomy":"post_tag","embeddable":true,"href":"https:\/\/indeks.bilten.mk\/index.php?rest_route=%2Fwp%2Fv2%2Ftags&post=16310"}],"curies":[{"name":"wp","href":"https:\/\/api.w.org\/{rel}","templated":true}]}}