{"id":16312,"date":"2023-09-13T22:10:30","date_gmt":"2023-09-13T20:10:30","guid":{"rendered":"https:\/\/indeks.mk\/?p=16312"},"modified":"2023-09-13T22:10:30","modified_gmt":"2023-09-13T20:10:30","slug":"blerim-sejdiu-shkel-mbi-sakrificen-e-shqiptareve-anashkalon-krejtesisht-gjuhen-shqipe-ne-perdorim-zyrtar-te-komunes-foto","status":"publish","type":"post","link":"https:\/\/indeks.bilten.mk\/?p=16312","title":{"rendered":"Blerim Sejdiu shkel mbi sakrific\u00ebn e shqiptar\u00ebve, anashkalon krejt\u00ebsisht gjuh\u00ebn shqipe n\u00eb p\u00ebrdorim zyrtar t\u00eb komun\u00ebs (FOTO)"},"content":{"rendered":"<p>Deponia e fshatit Deb\u00ebrc\u00eb n\u00eb komun\u00ebn e Zhelin\u00ebs, ka disa dit\u00eb q\u00eb po digjet derisa autoritetet e komun\u00ebs nuk kishin nd\u00ebrmar\u00eb asnj\u00eb veprim konkret.<\/p>\n<p>Zjarret jan\u00eb ende aktive teksa banor\u00ebt e fshatit dhe vendeve p\u00ebrreth po thithin aj\u00ebr t\u00eb ndotur.<\/p>\n<p>Ndon\u00ebse q\u00eb disa dit\u00eb rradhazi nuk arriti t\u00eb menaxhonte situat\u00ebn me zjarrin, kryetari i Komun\u00ebs s\u00eb Zhelin\u00ebs, Blerim Sejdiu kishte b\u00ebr\u00eb k\u00ebrkes\u00eb p\u00ebr ndihm\u00eb n\u00eb shuarjen e zjarreve Qendr\u00ebs p\u00ebr Menaxhim me Kriza.<\/p>\n<p>N\u00eb dokumentin t\u00eb cilin e kemi siguruar, v\u00ebrehet se k\u00ebrkesa e parashtuar \u00ebsht\u00eb vet\u00ebm n\u00eb gjuh\u00ebn maqedonase, duke anashkaluar krejt\u00ebsisht gjuh\u00ebn shqipe e cila njihet tashm\u00eb si gjuh\u00eb zyrtare n\u00eb Maqedonin\u00eb e Veriut.<\/p>\n<p><img loading=\"lazy\" decoding=\"async\" class=\"alignnone size-medium wp-image-16314\" src=\"https:\/\/indeks.mk\/wp-content\/uploads\/2023\/09\/dokument-deberca-224x300.jpg\" alt=\"\" width=\"224\" height=\"300\" \/><\/p>\n","protected":false},"excerpt":{"rendered":"<p>Deponia e fshatit Deb\u00ebrc\u00eb n\u00eb komun\u00ebn e Zhelin\u00ebs, ka disa dit\u00eb q\u00eb po digjet derisa autoritetet e komun\u00ebs nuk kishin nd\u00ebrmar\u00eb asnj\u00eb veprim konkret. Zjarret<\/p>\n","protected":false},"author":14,"featured_media":16313,"comment_status":"open","ping_status":"open","sticky":false,"template":"","format":"standard","meta":{"footnotes":""},"categories":[44],"tags":[],"class_list":["post-16312","post","type-post","status-publish","format-standard","has-post-thumbnail","hentry","category-maqedoni"],"_links":{"self":[{"href":"https:\/\/indeks.bilten.mk\/index.php?rest_route=\/wp\/v2\/posts\/16312","targetHints":{"allow":["GET"]}}],"collection":[{"href":"https:\/\/indeks.bilten.mk\/index.php?rest_route=\/wp\/v2\/posts"}],"about":[{"href":"https:\/\/indeks.bilten.mk\/index.php?rest_route=\/wp\/v2\/types\/post"}],"author":[{"embeddable":true,"href":"https:\/\/indeks.bilten.mk\/index.php?rest_route=\/wp\/v2\/users\/14"}],"replies":[{"embeddable":true,"href":"https:\/\/indeks.bilten.mk\/index.php?rest_route=%2Fwp%2Fv2%2Fcomments&post=16312"}],"version-history":[{"count":0,"href":"https:\/\/indeks.bilten.mk\/index.php?rest_route=\/wp\/v2\/posts\/16312\/revisions"}],"wp:featuredmedia":[{"embeddable":true,"href":"https:\/\/indeks.bilten.mk\/index.php?rest_route=\/wp\/v2\/media\/16313"}],"wp:attachment":[{"href":"https:\/\/indeks.bilten.mk\/index.php?rest_route=%2Fwp%2Fv2%2Fmedia&parent=16312"}],"wp:term":[{"taxonomy":"category","embeddable":true,"href":"https:\/\/indeks.bilten.mk\/index.php?rest_route=%2Fwp%2Fv2%2Fcategories&post=16312"},{"taxonomy":"post_tag","embeddable":true,"href":"https:\/\/indeks.bilten.mk\/index.php?rest_route=%2Fwp%2Fv2%2Ftags&post=16312"}],"curies":[{"name":"wp","href":"https:\/\/api.w.org\/{rel}","templated":true}]}}