{"id":16318,"date":"2023-09-14T08:47:28","date_gmt":"2023-09-14T06:47:28","guid":{"rendered":"https:\/\/indeks.mk\/?p=16318"},"modified":"2023-09-14T08:47:28","modified_gmt":"2023-09-14T06:47:28","slug":"fero-une-jam-musliman-skam-asnje-lidhje-me-ish-gruan-foto","status":"publish","type":"post","link":"https:\/\/indeks.bilten.mk\/?p=16318","title":{"rendered":"Fero: Un\u00eb jam musliman, s\u2019kam asnj\u00eb lidhje me ish- gruan (Foto)"},"content":{"rendered":"<p>Ish-reperi, Fero ka folur p\u00ebrs\u00ebri p\u00ebr raportet me modelen e njohur Arbenita Ismajli me t\u00eb cilat edhe ndan\u00eb rrug\u00ebt jav\u00eb m\u00eb par\u00eb.<\/p>\n<p>Ish- \u00e7ifti \u201ckrisen\u201d raportet, pasi modelja n\u00eb fjal\u00eb e raportoi p\u00ebr dhun\u00eb n\u00eb polici, shkruan Raporto24.<\/p>\n<p><img loading=\"lazy\" decoding=\"async\" class=\"alignnone size-full wp-image-153258\" src=\"https:\/\/raporto24.com\/wp-content\/uploads\/2023\/09\/fero-arbenita-1.jpg\" sizes=\"auto, (max-width: 640px) 100vw, 640px\" srcset=\"https:\/\/raporto24.com\/wp-content\/uploads\/2023\/09\/fero-arbenita-1.jpg 640w, https:\/\/raporto24.com\/wp-content\/uploads\/2023\/09\/fero-arbenita-1-300x293.jpg 300w\" alt=\"\" width=\"640\" height=\"624\" \/><\/p>\n<p>Tani, Fero ka th\u00ebn\u00eb se tani nuk ka asnj\u0113 muhabet me ish- gruan e tij, dhe se ajo ka b\u00ebr\u00eb zgjedhjen e saj, shkruan Raporto24.\u00a0<img loading=\"lazy\" decoding=\"async\" class=\"alignnone size-full wp-image-141428\" src=\"https:\/\/raporto24.com\/wp-content\/uploads\/2023\/07\/fero-arbenita.png\" sizes=\"auto, (max-width: 723px) 100vw, 723px\" srcset=\"https:\/\/raporto24.com\/wp-content\/uploads\/2023\/07\/fero-arbenita.png 723w, https:\/\/raporto24.com\/wp-content\/uploads\/2023\/07\/fero-arbenita-300x182.png 300w, https:\/\/raporto24.com\/wp-content\/uploads\/2023\/07\/fero-arbenita-696x423.png 696w\" alt=\"\" width=\"723\" height=\"439\" \/><\/p>\n<p>\u201cUn\u00eb tani jam mysliman dhe nuk kam raporte me ish gruan. Ne kemi jetet tona dhe respekt p\u00ebr nj\u00ebri- tjetrin sepse ne kemi nj\u00eb vajz\u00eb. Por, sot un\u00eb jam mysliman dhe nuk kam asnj\u00eb lidhje me t\u00eb, ajo ka zgjedhur t\u00eb b\u00ebj\u00eb jeten e saj\u201d, shkruan Fero, n\u00eb InstaStory.<\/p>\n<div id=\"rapor-1f105e8e1870a4971e06df83ec131a0c\" class=\"rapor-1f105e8e1870a4971e06df83ec131a0c rapor-pas-paragrafit-4\">\n<div id=\"rapor-2106430620\" class=\"rapor-pas-paragrafit-4\">\n<div id=\"rapor-1755052814\" class=\"rapor-target\" data-rapor-trackid=\"126116\" data-rapor-trackbid=\"1\"><\/div>\n<\/div>\n<\/div>\n<p><img loading=\"lazy\" decoding=\"async\" class=\"alignnone size-full wp-image-156086\" src=\"https:\/\/raporto24.com\/wp-content\/uploads\/2023\/09\/IMG_2292.png\" sizes=\"auto, (max-width: 1284px) 100vw, 1284px\" srcset=\"https:\/\/raporto24.com\/wp-content\/uploads\/2023\/09\/IMG_2292.png 1284w, https:\/\/raporto24.com\/wp-content\/uploads\/2023\/09\/IMG_2292-139x300.png 139w, https:\/\/raporto24.com\/wp-content\/uploads\/2023\/09\/IMG_2292-473x1024.png 473w, https:\/\/raporto24.com\/wp-content\/uploads\/2023\/09\/IMG_2292-768x1662.png 768w, https:\/\/raporto24.com\/wp-content\/uploads\/2023\/09\/IMG_2292-710x1536.png 710w, https:\/\/raporto24.com\/wp-content\/uploads\/2023\/09\/IMG_2292-947x2048.png 947w, https:\/\/raporto24.com\/wp-content\/uploads\/2023\/09\/IMG_2292-696x1506.png 696w, https:\/\/raporto24.com\/wp-content\/uploads\/2023\/09\/IMG_2292-1068x2311.png 1068w\" alt=\"\" width=\"1284\" height=\"2778\" \/><\/p>\n","protected":false},"excerpt":{"rendered":"<p>Ish-reperi, Fero ka folur p\u00ebrs\u00ebri p\u00ebr raportet me modelen e njohur Arbenita Ismajli me t\u00eb cilat edhe ndan\u00eb rrug\u00ebt jav\u00eb m\u00eb par\u00eb. Ish- \u00e7ifti \u201ckrisen\u201d<\/p>\n","protected":false},"author":14,"featured_media":0,"comment_status":"open","ping_status":"open","sticky":false,"template":"","format":"standard","meta":{"footnotes":""},"categories":[49],"tags":[],"class_list":["post-16318","post","type-post","status-publish","format-standard","hentry","category-showbiz"],"_links":{"self":[{"href":"https:\/\/indeks.bilten.mk\/index.php?rest_route=\/wp\/v2\/posts\/16318","targetHints":{"allow":["GET"]}}],"collection":[{"href":"https:\/\/indeks.bilten.mk\/index.php?rest_route=\/wp\/v2\/posts"}],"about":[{"href":"https:\/\/indeks.bilten.mk\/index.php?rest_route=\/wp\/v2\/types\/post"}],"author":[{"embeddable":true,"href":"https:\/\/indeks.bilten.mk\/index.php?rest_route=\/wp\/v2\/users\/14"}],"replies":[{"embeddable":true,"href":"https:\/\/indeks.bilten.mk\/index.php?rest_route=%2Fwp%2Fv2%2Fcomments&post=16318"}],"version-history":[{"count":0,"href":"https:\/\/indeks.bilten.mk\/index.php?rest_route=\/wp\/v2\/posts\/16318\/revisions"}],"wp:attachment":[{"href":"https:\/\/indeks.bilten.mk\/index.php?rest_route=%2Fwp%2Fv2%2Fmedia&parent=16318"}],"wp:term":[{"taxonomy":"category","embeddable":true,"href":"https:\/\/indeks.bilten.mk\/index.php?rest_route=%2Fwp%2Fv2%2Fcategories&post=16318"},{"taxonomy":"post_tag","embeddable":true,"href":"https:\/\/indeks.bilten.mk\/index.php?rest_route=%2Fwp%2Fv2%2Ftags&post=16318"}],"curies":[{"name":"wp","href":"https:\/\/api.w.org\/{rel}","templated":true}]}}