{"id":16320,"date":"2023-09-14T08:56:57","date_gmt":"2023-09-14T06:56:57","guid":{"rendered":"https:\/\/indeks.mk\/?p=16320"},"modified":"2023-09-14T08:56:57","modified_gmt":"2023-09-14T06:56:57","slug":"mariciq-ky-eshte-momentumi-i-fundit-qe-duhet-ta-kapim","status":"publish","type":"post","link":"https:\/\/indeks.bilten.mk\/?p=16320","title":{"rendered":"Mari\u00e7iq: Ky \u00ebsht\u00eb momentumi i fundit q\u00eb duhet ta kapim"},"content":{"rendered":"<p>Mendoj se ky \u00ebsht\u00eb momentumi i fundit q\u00eb duhet ta kapim, pasi druaj se njer\u00ebzit n\u00eb Ballkanin Per\u00ebndimor do t\u00eb ndalen s\u00eb brengosuri p\u00ebr at\u00eb se \u00e7ka Bashkimin Evropian mendon, thot\u00eb ose b\u00ebn, porositi mes tjerash z\u00ebvend\u00ebs kryetari i Qeveris\u00eb s\u00eb Maqedonis\u00eb s\u00eb Veriut, Bojan Mari\u00e7iq gjat\u00eb pjes\u00ebmarrjes s\u00eb tij n\u00eb panel diskutimin n\u00eb Athin\u00eb p\u00ebr BE perspektiv\u00ebn e Ballkanit Per\u00ebndimor, duke cekur se an\u00ebtar\u00ebsimi n\u00eb vitin 2030 \u00ebsht\u00eb q\u00ebllim real, por ende duhet t\u00eb jet\u00eb motivim.<\/p>\n<div class=\"code-block code-block-43 code-block-pas-paragrafit-2t-inarticle\">\n<div>\n<div id=\"ad-id-\/22646657118\/in-article_box_1-5315621282324658\" data-ad-unit-id=\"\/22646657118\/In-article_box_1\">Z\u00ebvend\u00ebs kryeministri foli p\u00ebr vizionin, lidershipin dhe pun\u00ebn e mundimshme, t\u00eb cilat paradokohe i ka p\u00ebrmendur kryetarja e Komisionit Evropian, tha se Ballkani Per\u00ebndimor \u00ebsht\u00eb i rrethuar me vende an\u00ebtare t\u00eb Bashkimit Evropian dhe vendet nga rajoni nuk jan\u00eb vende t\u00eb larg\u00ebta, t\u00eb cilat k\u00ebrkojn\u00eb an\u00ebtar\u00ebsim, e si krahasim tha se popullata e shteteve kandidate \u00ebsht\u00eb 18 milion\u00eb, q\u00eb nuk e tejkalon numrin e banor\u00ebve t\u00eb Rumanis\u00eb.<\/div>\n<\/div>\n<\/div>\n<div class=\"ai-viewport-1\" data-insertion-position=\"prepend\" data-selector=\".ai-insert-1-24055006\" data-insertion-no-dbg=\"\" data-code=\"PGRpdiBjbGFzcz0nY29kZS1ibG9jayBjb2RlLWJsb2NrLTEgY29kZS1ibG9jay1pbmFydGljbGUtZGVza3RvcCcgc3R5bGU9J21hcmdpbjogOHB4IGF1dG87IHRleHQtYWxpZ246IGNlbnRlcjsgZGlzcGxheTogYmxvY2s7IGNsZWFyOiBib3RoOyB3aWR0aDogMzAwcHg7IGhlaWdodDogNDIwcHg7IGJhY2tncm91bmQtY29sb3I6ICNmZmZmZmY7Jz4KPGRpdiBzdHlsZT0icG9zaXRpb246IHN0aWNreTsgdG9wOiAxNXB4OyI+CjxkaXYgY2xhc3M9ImNvZGUtYmxvY2stbGFiZWwiPlJla2xhbWE8L2Rpdj4KPGRpdiBkYXRhLWFkLXVuaXQtaWQ9Ii8yMjY0NjY1NzExOC9Jbi1hcnRpY2xlX2JveF8yIj48L2Rpdj4KPC9kaXY+CjxkaXYgc3R5bGU9IiBoZWlnaHQ6IDM5MHB4OyI+PC9kaXY+CjwvZGl2Pgo=\" data-block=\"1\">\n<div class=\"code-block code-block-1 code-block-inarticle-desktop\">\n<div>\n<div><\/div>\n<div class=\"code-block-label\">Ai u p\u00ebrkujtua n\u00eb vitin 2017, kur p\u00ebr her\u00eb t\u00eb par\u00eb s\u00eb bashku me kryeministrin e at\u00ebhersh\u00ebm, Zoran Zaev kan\u00eb qen\u00eb p\u00ebr vizit\u00eb n\u00eb Bruksel dhe i kan\u00eb d\u00ebgjuar porosit\u00eb se \u201ctani \u00ebsht\u00eb momentumi p\u00ebr zgjidhjen e problemit me emrin\u201d, si dhe p\u00ebr momentumin p\u00ebr fillim t\u00eb negociatave, por edhe p\u00ebr reformat, t\u00eb cilat gjat\u00eb viteve t\u00eb ardhshme jan\u00eb zbatuar, por vijoi anulim i ri, gj\u00eb q\u00eb, si\u00e7 tha, \u201cka vrar\u00eb nj\u00eb pjes\u00eb t\u00eb madhe t\u00eb entuziazmit t\u00eb njer\u00ebzve n\u00eb vend\u201d.<\/div>\n<\/div>\n<\/div>\n<\/div>\n<p>Ky ishte momenti, kur \u00ebsht\u00eb hapur dera p\u00ebr disa vende-an\u00ebtare q\u00eb ta vrasin momentumin dhe t\u00eb hapin \u00e7\u00ebshtje bilaterale. E dini sa n\u00eb Maqeodnin\u00eb e Veriut ra p\u00ebrkrahja publike p\u00ebr BE-n\u00eb nga fundi i vitit 2019, respektivisht fillimi i vitit 2020 deri vitin e kaluar? Rreth 20 p\u00ebr qind. Nga 80 n\u00eb 60 p\u00ebr qind. P\u00ebr k\u00ebt\u00eb shkak, mendoj se tani \u00ebsht\u00eb momentumi i fundit q\u00eb duhet ta kapim, pasi druaj se njer\u00ebzit n\u00eb Ballkanin Per\u00ebndimor do t\u00eb ndalen s\u00eb brengosuri p\u00ebr at\u00eb se \u00e7ka Bashkimin Evropian mendon, thot\u00eb ose b\u00ebn\u201d, theksoi Mari\u00e7iq.<\/p>\n<div class=\"ai-viewport-1\" data-insertion-position=\"prepend\" data-selector=\".ai-insert-1-15929333\" data-insertion-no-dbg=\"\" data-code=\"PGRpdiBjbGFzcz0nY29kZS1ibG9jayBjb2RlLWJsb2NrLTEgY29kZS1ibG9jay1pbmFydGljbGUtZGVza3RvcCcgc3R5bGU9J21hcmdpbjogOHB4IGF1dG87IHRleHQtYWxpZ246IGNlbnRlcjsgZGlzcGxheTogYmxvY2s7IGNsZWFyOiBib3RoOyB3aWR0aDogMzAwcHg7IGhlaWdodDogNDIwcHg7IGJhY2tncm91bmQtY29sb3I6ICNmZmZmZmY7Jz4KPGRpdiBzdHlsZT0icG9zaXRpb246IHN0aWNreTsgdG9wOiAxNXB4OyI+CjxkaXYgY2xhc3M9ImNvZGUtYmxvY2stbGFiZWwiPlJla2xhbWE8L2Rpdj4KCjxkaXYgaWQ9IlBBLVRhYm9vbGEiPjwvZGl2Pgo8L2Rpdj4KPGRpdiBzdHlsZT0iIGhlaWdodDogMzkwcHg7Ij48L2Rpdj4KPC9kaXY+Cg==\" data-block=\"1\">\n<div class=\"code-block code-block-1 code-block-inarticle-desktop\">\n<div>\n<div id=\"taboola-sponsored-mid-article\">Theksoi se rajonit i duhet dat\u00eb konkrete dhe plan real, nd\u00ebrsa viti 2030 \u00ebsht\u00eb cak real, sepse Unioni tashm\u00eb ka p\u00ebrvoj\u00eb me zgjerim t\u00eb madh.<\/div>\n<\/div>\n<\/div>\n<\/div>\n","protected":false},"excerpt":{"rendered":"<p>Mendoj se ky \u00ebsht\u00eb momentumi i fundit q\u00eb duhet ta kapim, pasi druaj se njer\u00ebzit n\u00eb Ballkanin Per\u00ebndimor do t\u00eb ndalen s\u00eb brengosuri p\u00ebr at\u00eb<\/p>\n","protected":false},"author":14,"featured_media":0,"comment_status":"open","ping_status":"open","sticky":false,"template":"","format":"standard","meta":{"footnotes":""},"categories":[44],"tags":[],"class_list":["post-16320","post","type-post","status-publish","format-standard","hentry","category-maqedoni"],"_links":{"self":[{"href":"https:\/\/indeks.bilten.mk\/index.php?rest_route=\/wp\/v2\/posts\/16320","targetHints":{"allow":["GET"]}}],"collection":[{"href":"https:\/\/indeks.bilten.mk\/index.php?rest_route=\/wp\/v2\/posts"}],"about":[{"href":"https:\/\/indeks.bilten.mk\/index.php?rest_route=\/wp\/v2\/types\/post"}],"author":[{"embeddable":true,"href":"https:\/\/indeks.bilten.mk\/index.php?rest_route=\/wp\/v2\/users\/14"}],"replies":[{"embeddable":true,"href":"https:\/\/indeks.bilten.mk\/index.php?rest_route=%2Fwp%2Fv2%2Fcomments&post=16320"}],"version-history":[{"count":0,"href":"https:\/\/indeks.bilten.mk\/index.php?rest_route=\/wp\/v2\/posts\/16320\/revisions"}],"wp:attachment":[{"href":"https:\/\/indeks.bilten.mk\/index.php?rest_route=%2Fwp%2Fv2%2Fmedia&parent=16320"}],"wp:term":[{"taxonomy":"category","embeddable":true,"href":"https:\/\/indeks.bilten.mk\/index.php?rest_route=%2Fwp%2Fv2%2Fcategories&post=16320"},{"taxonomy":"post_tag","embeddable":true,"href":"https:\/\/indeks.bilten.mk\/index.php?rest_route=%2Fwp%2Fv2%2Ftags&post=16320"}],"curies":[{"name":"wp","href":"https:\/\/api.w.org\/{rel}","templated":true}]}}