{"id":16322,"date":"2023-09-14T09:04:39","date_gmt":"2023-09-14T07:04:39","guid":{"rendered":"https:\/\/indeks.mk\/?p=16322"},"modified":"2023-09-14T09:04:39","modified_gmt":"2023-09-14T07:04:39","slug":"sot-takimi-i-tete-shtate-takimet-e-thata-kurti-vuciq","status":"publish","type":"post","link":"https:\/\/indeks.bilten.mk\/?p=16322","title":{"rendered":"Sot takimi i tet\u00eb: Shtat\u00eb takimet e thata Kurti-Vu\u00e7iq"},"content":{"rendered":"<p>Kryeministri i Kosov\u00ebs, Albin Kurti, dhe presidenti i Serbis\u00eb, Aleksandar Vu\u00e7iq, i kan\u00eb realizuar shtat\u00eb takime brenda dy vjet\u00ebsh, n\u00eb kuad\u00ebr t\u00eb dialogut t\u00eb nd\u00ebrmjet\u00ebsuar nga Brukseli. Takimi i tet\u00eb pritet sot. Por, dy udh\u00ebheq\u00ebsit jan\u00eb \u00e7uar nga tavolina e bisedimeve pa n\u00ebnshkruar ndonj\u00eb marr\u00ebveshje.<\/p>\n<p><iframe loading=\"lazy\" src=\"https:\/\/www.evropaelire.org\/embed\/player\/0\/32591266.html?type=video\" width=\"640\" height=\"360\" frameborder=\"0\" scrolling=\"no\" allowfullscreen=\"allowfullscreen\" data-mce-fragment=\"1\"><\/iframe><\/p>\n<p>P\u00ebr her\u00eb t\u00eb par\u00eb pas m\u00eb shum\u00eb se kat\u00ebr muajsh, kryeministri i Kosov\u00ebs, Albin Kurti, dhe presidenti i Serbis\u00eb, Aleksandar Vu\u00e7iq, takohen sot n\u00eb Bruksel, n\u00eb kuad\u00ebr t\u00eb dialogut p\u00ebr normalizimin e marr\u00ebdh\u00ebnieve.<\/p>\n<p>Bashkimi Evropian, si nd\u00ebrmjet\u00ebsues i procesit, ka njoftuar se\u00a0takimet\u00a0nisin nga ora 09:00.<\/p>\n<p>Fillimisht, shefi i politik\u00ebs s\u00eb jashtme t\u00eb BE-s\u00eb, Josep Borrell, dhe i d\u00ebrguari i BE-s\u00eb p\u00ebr dialogun Kosov\u00eb-Serbi, Mirosllav Laj\u00e7ak, presin nj\u00ebrin p\u00ebrfaq\u00ebsues, pastaj tjetrin.<\/p>\n<p>Takimi trepal\u00ebsh do t\u00eb mbahet m\u00eb von\u00eb gjat\u00eb dit\u00ebs dhe tem\u00eb diskutimi do t\u00eb ket\u00eb zbatimin e Marr\u00ebveshjes p\u00ebr normalizimin e marr\u00ebdh\u00ebnieve, e arritur gojarisht mes Kurtit dhe Vu\u00e7iqit n\u00eb muajin shkurt.<\/p>\n<p>Kjo\u00a0marr\u00ebveshje me 11 nene\u00a0parasheh, mes tjerash, nj\u00eb nivel t\u00eb vet\u00ebmenaxhimit p\u00ebr komunitetin serb n\u00eb Kosov\u00eb; k\u00ebrkon nga Kosova dhe Serbia q\u00eb t\u2019i pranojn\u00eb dokumentet dhe simbolet e nj\u00ebra-tjetr\u00ebs, dhe i obligon ato q\u00eb t\u00eb mos e pengojn\u00eb nj\u00ebra-tjetr\u00ebn n\u00eb proceset integruese.<\/p>\n<p>Kurti dhe Vu\u00e7iq, sipas agjend\u00ebs q\u00eb ka publikuar BE-ja, do t\u00eb diskutojn\u00eb edhe p\u00ebr \u201c\u00e7\u00ebshtjet aktuale\u201d.<\/p>\n<p>Shtetet e Bashkuara u kan\u00eb b\u00ebr\u00eb thirrje q\u00eb\u00a0t\u2019i marrin seriozisht obligimet\u00a0e tyre.<\/p>\n<h3><strong>P\u00ebrballje n\u00eb koh\u00eb tensionesh<\/strong><\/h3>\n<p>Takimi vjen n\u00eb koh\u00ebn e tensioneve t\u00eb larta n\u00eb veri t\u00eb Kosov\u00ebs, ku jetojn\u00eb rreth 50.000 serb\u00eb dhe p\u00ebrb\u00ebjn\u00eb shumic\u00ebn lokale.<\/p>\n<p>Situata atje \u00ebsht\u00eb acaruar qysh nga fundi i majit. At\u00ebkoh\u00eb, grupe serb\u00ebsh kan\u00eb nisur protestat p\u00ebr t\u00eb kund\u00ebrshtuar vendosjen e kryetar\u00ebve shqiptar\u00eb \u2013 n\u00ebn p\u00ebrcjelljen e policis\u00eb \u2013 n\u00eb zyrat e komunave n\u00eb veri.<\/p>\n<p>K\u00ebta kryetar\u00eb kan\u00eb dal\u00eb nga zgjedhjet e jasht\u00ebzakonshme t\u00eb prillit q\u00eb jan\u00eb mbajtur n\u00eb Mitrovic\u00eb t\u00eb Veriut, Zve\u00e7an, Zubin Potok dhe Leposaviq, por q\u00eb jan\u00eb bojkotuar nga popullata lokale serbe.<\/p>\n<p>Protestat n\u00eb zon\u00eb jan\u00eb shnd\u00ebrruar disa her\u00eb n\u00eb p\u00ebrleshje t\u00eb dhunshme \u2013 m\u00eb t\u00eb r\u00ebndat kan\u00eb qen\u00eb m\u00eb 29 maj, kur dhjet\u00ebra ushtar\u00eb t\u00eb misionit t\u00eb NATO-s n\u00eb Kosov\u00eb, KFOR, kan\u00eb mbetur t\u00eb plagosur.<\/p>\n<p>&nbsp;<\/p>\n","protected":false},"excerpt":{"rendered":"<p>Kryeministri i Kosov\u00ebs, Albin Kurti, dhe presidenti i Serbis\u00eb, Aleksandar Vu\u00e7iq, i kan\u00eb realizuar shtat\u00eb takime brenda dy vjet\u00ebsh, n\u00eb kuad\u00ebr t\u00eb dialogut t\u00eb nd\u00ebrmjet\u00ebsuar<\/p>\n","protected":false},"author":14,"featured_media":16323,"comment_status":"open","ping_status":"open","sticky":false,"template":"","format":"standard","meta":{"footnotes":""},"categories":[45],"tags":[],"class_list":["post-16322","post","type-post","status-publish","format-standard","has-post-thumbnail","hentry","category-rajoni"],"_links":{"self":[{"href":"https:\/\/indeks.bilten.mk\/index.php?rest_route=\/wp\/v2\/posts\/16322","targetHints":{"allow":["GET"]}}],"collection":[{"href":"https:\/\/indeks.bilten.mk\/index.php?rest_route=\/wp\/v2\/posts"}],"about":[{"href":"https:\/\/indeks.bilten.mk\/index.php?rest_route=\/wp\/v2\/types\/post"}],"author":[{"embeddable":true,"href":"https:\/\/indeks.bilten.mk\/index.php?rest_route=\/wp\/v2\/users\/14"}],"replies":[{"embeddable":true,"href":"https:\/\/indeks.bilten.mk\/index.php?rest_route=%2Fwp%2Fv2%2Fcomments&post=16322"}],"version-history":[{"count":0,"href":"https:\/\/indeks.bilten.mk\/index.php?rest_route=\/wp\/v2\/posts\/16322\/revisions"}],"wp:featuredmedia":[{"embeddable":true,"href":"https:\/\/indeks.bilten.mk\/index.php?rest_route=\/wp\/v2\/media\/16323"}],"wp:attachment":[{"href":"https:\/\/indeks.bilten.mk\/index.php?rest_route=%2Fwp%2Fv2%2Fmedia&parent=16322"}],"wp:term":[{"taxonomy":"category","embeddable":true,"href":"https:\/\/indeks.bilten.mk\/index.php?rest_route=%2Fwp%2Fv2%2Fcategories&post=16322"},{"taxonomy":"post_tag","embeddable":true,"href":"https:\/\/indeks.bilten.mk\/index.php?rest_route=%2Fwp%2Fv2%2Ftags&post=16322"}],"curies":[{"name":"wp","href":"https:\/\/api.w.org\/{rel}","templated":true}]}}