{"id":16325,"date":"2023-09-14T09:18:24","date_gmt":"2023-09-14T07:18:24","guid":{"rendered":"https:\/\/indeks.mk\/?p=16325"},"modified":"2023-09-14T09:18:49","modified_gmt":"2023-09-14T07:18:49","slug":"cmimet-e-produkteve-pritet-te-ngrijne-bekteshi-do-te-kete-ulje-lineare-te-te-gjitha-produkteve-ushqimore","status":"publish","type":"post","link":"https:\/\/indeks.bilten.mk\/?p=16325","title":{"rendered":"\u00c7mimet e produkteve baz\u00eb pritet t\u00eb ngrijn\u00eb! Bekteshi: Do t\u00eb ket\u00eb ulje lineare t\u00eb t\u00eb gjitha produkteve ushqimore&#8230;"},"content":{"rendered":"<p>Marketet nuk do t\u00eb ken\u00eb aksione apo promocione p\u00ebr produkte t\u00eb caktuara, njoftoi ministri i Ekonomis\u00eb Kreshnik Bekteshi, p\u00ebrcjell TV21.<\/p>\n<p>Kjo mas\u00eb po vendoset sepse tregtar\u00ebt n\u00eb k\u00ebt\u00eb m\u00ebnyr\u00eb abuzonin me \u00e7mimet dhe qytetar\u00ebve u shisnin produkte me afat t\u00eb shkurt\u00ebr.<\/p>\n<p>Vendimi p\u00ebr ngrirjen e \u00e7mimeve do t\u00eb merret me urdh\u00ebr t\u00eb diel\u00ebn. Ministri Bekteshi do t\u00eb ket\u00eb takim me pronar\u00ebt e marketeve p\u00ebr t\u00eb njoftuar masat e reja.<\/p>\n<p>\u201c\u00cbsht\u00eb v\u00ebn\u00eb re se disa zinxhir\u00eb supermarketesh po b\u00ebjn\u00eb mashtrime me mund\u00ebsit\u00eb p\u00ebr t\u00eb b\u00ebr\u00eb aksione dhe promocione apo fushata t\u00eb caktuara. P\u00ebr t\u00eb qen\u00eb t\u00eb qart\u00eb si p\u00ebr konsumator\u00ebt ashtu edhe p\u00ebr qytetar\u00ebt, kjo mund\u00ebsi nuk do t\u00eb jet\u00eb e disponueshme deri m\u00eb 30 n\u00ebntor. T\u00eb ket\u00eb t\u00eb pakt\u00ebn 10% ulje lineare t\u00eb t\u00eb gjitha produkteve ushqimore n\u00eb Maqedoni\u201d, deklaroi Kreshnik Bekteshi, minist\u00ebr i Ekonomis\u00eb.<\/p>\n","protected":false},"excerpt":{"rendered":"<p>Marketet nuk do t\u00eb ken\u00eb aksione apo promocione p\u00ebr produkte t\u00eb caktuara, njoftoi ministri i Ekonomis\u00eb Kreshnik Bekteshi, p\u00ebrcjell TV21. Kjo mas\u00eb po vendoset sepse<\/p>\n","protected":false},"author":14,"featured_media":0,"comment_status":"open","ping_status":"open","sticky":false,"template":"","format":"standard","meta":{"footnotes":""},"categories":[44],"tags":[],"class_list":["post-16325","post","type-post","status-publish","format-standard","hentry","category-maqedoni"],"_links":{"self":[{"href":"https:\/\/indeks.bilten.mk\/index.php?rest_route=\/wp\/v2\/posts\/16325","targetHints":{"allow":["GET"]}}],"collection":[{"href":"https:\/\/indeks.bilten.mk\/index.php?rest_route=\/wp\/v2\/posts"}],"about":[{"href":"https:\/\/indeks.bilten.mk\/index.php?rest_route=\/wp\/v2\/types\/post"}],"author":[{"embeddable":true,"href":"https:\/\/indeks.bilten.mk\/index.php?rest_route=\/wp\/v2\/users\/14"}],"replies":[{"embeddable":true,"href":"https:\/\/indeks.bilten.mk\/index.php?rest_route=%2Fwp%2Fv2%2Fcomments&post=16325"}],"version-history":[{"count":0,"href":"https:\/\/indeks.bilten.mk\/index.php?rest_route=\/wp\/v2\/posts\/16325\/revisions"}],"wp:attachment":[{"href":"https:\/\/indeks.bilten.mk\/index.php?rest_route=%2Fwp%2Fv2%2Fmedia&parent=16325"}],"wp:term":[{"taxonomy":"category","embeddable":true,"href":"https:\/\/indeks.bilten.mk\/index.php?rest_route=%2Fwp%2Fv2%2Fcategories&post=16325"},{"taxonomy":"post_tag","embeddable":true,"href":"https:\/\/indeks.bilten.mk\/index.php?rest_route=%2Fwp%2Fv2%2Ftags&post=16325"}],"curies":[{"name":"wp","href":"https:\/\/api.w.org\/{rel}","templated":true}]}}