{"id":16329,"date":"2023-09-14T09:41:42","date_gmt":"2023-09-14T07:41:42","guid":{"rendered":"https:\/\/indeks.mk\/?p=16329"},"modified":"2023-09-14T09:41:42","modified_gmt":"2023-09-14T07:41:42","slug":"pas-korridorit-8-nisin-punet-edhe-per-korridorin-10d-sot-fillon-ndertimi-i-autostrades-prilep-manastir","status":"publish","type":"post","link":"https:\/\/indeks.bilten.mk\/?p=16329","title":{"rendered":"Pas Korridorit 8, nisin pun\u00ebt edhe p\u00ebr Korridorin 10D! Sot fillon nd\u00ebrtimi i autostrad\u00ebs Prilep-Manastir"},"content":{"rendered":"<p>Kryeministri Dimitar Kova\u00e7evski, ministri i Transportit dhe Lidhjeve, Bllagoj Bo\u00e7varski dhe drejtori i Nd\u00ebrmarrjes Publike p\u00ebr Rrug\u00eb Shtet\u00ebrore, Ejup Rustemi, sot do t\u00eb marrin pjes\u00eb n\u00eb ngjarjen me rastin e aktiviteteve nd\u00ebrtimore p\u00ebr nd\u00ebrtimin e autostrad\u00ebs Prilep-Manastir, pjes\u00eb e Korridorit 10D, paralajm\u00ebroi pres sh\u00ebrbimi qeveritar.<\/p>\n<p>N\u00eb maj t\u00eb k\u00ebtij viti n\u00eb af\u00ebrsi t\u00eb zon\u00ebs industriale n\u00eb Prilep \u00ebsht\u00eb vendosur tabela me t\u00eb dh\u00ebnat p\u00ebr nd\u00ebrtimin e autostrad\u00ebs (39.3 kilometra).<\/p>\n<p>Afati p\u00ebr nd\u00ebrtimin e autostrad\u00ebs \u00ebsht\u00eb 57 muaj.<\/p>\n<p>Me Marr\u00ebveshjen q\u00eb e n\u00ebnshkroi Qeveria me konsorciumin amerikano-turk \u201cBehtel dhe Enka\u201d \u00ebsht\u00eb parapar\u00eb nd\u00ebrtimi i seksionit t\u00eb autostradave Prilep \u2013 Manastir t\u00eb Korridorit 10D, si dhe Tetov\u00eb \u2013 Gostivar, Gostivar \u2013 Bukoj\u00e7an dhe Trebenisht\u00eb \u2013 Strug\u00eb \u2013 Qaf\u00eb Than\u00eb t\u00eb Korridorit 8.<\/p>\n<p>Punimet e Korridorit 8 kan\u00eb filluar para dy dit\u00ebve me minimin af\u00ebr fshatit Banjic\u00eb e Ep\u00ebrme \u00a0p\u00ebr t\u00eb dep\u00ebrtimin \u00a0e rrug\u00ebs s\u00eb autostrad\u00ebs Gostivar \u2013 Bukoj\u00e7an (30.1 kilometra).<\/p>\n<p>\u201cKy \u00ebsht\u00eb aktiviteti i par\u00eb real me t\u00eb cilin fillon nd\u00ebrtimi i dy korridoreve\u201d, deklaroi z\u00ebvend\u00ebskryeministri i par\u00eb Artan Grubi, i cili \u00ebsht\u00eb koordinator i aktiviteteve p\u00ebr nd\u00ebrtimin e korridoreve 8 dhe 10d.<\/p>\n","protected":false},"excerpt":{"rendered":"<p>Kryeministri Dimitar Kova\u00e7evski, ministri i Transportit dhe Lidhjeve, Bllagoj Bo\u00e7varski dhe drejtori i Nd\u00ebrmarrjes Publike p\u00ebr Rrug\u00eb Shtet\u00ebrore, Ejup Rustemi, sot do t\u00eb marrin pjes\u00eb<\/p>\n","protected":false},"author":14,"featured_media":0,"comment_status":"open","ping_status":"open","sticky":false,"template":"","format":"standard","meta":{"footnotes":""},"categories":[44],"tags":[],"class_list":["post-16329","post","type-post","status-publish","format-standard","hentry","category-maqedoni"],"_links":{"self":[{"href":"https:\/\/indeks.bilten.mk\/index.php?rest_route=\/wp\/v2\/posts\/16329","targetHints":{"allow":["GET"]}}],"collection":[{"href":"https:\/\/indeks.bilten.mk\/index.php?rest_route=\/wp\/v2\/posts"}],"about":[{"href":"https:\/\/indeks.bilten.mk\/index.php?rest_route=\/wp\/v2\/types\/post"}],"author":[{"embeddable":true,"href":"https:\/\/indeks.bilten.mk\/index.php?rest_route=\/wp\/v2\/users\/14"}],"replies":[{"embeddable":true,"href":"https:\/\/indeks.bilten.mk\/index.php?rest_route=%2Fwp%2Fv2%2Fcomments&post=16329"}],"version-history":[{"count":0,"href":"https:\/\/indeks.bilten.mk\/index.php?rest_route=\/wp\/v2\/posts\/16329\/revisions"}],"wp:attachment":[{"href":"https:\/\/indeks.bilten.mk\/index.php?rest_route=%2Fwp%2Fv2%2Fmedia&parent=16329"}],"wp:term":[{"taxonomy":"category","embeddable":true,"href":"https:\/\/indeks.bilten.mk\/index.php?rest_route=%2Fwp%2Fv2%2Fcategories&post=16329"},{"taxonomy":"post_tag","embeddable":true,"href":"https:\/\/indeks.bilten.mk\/index.php?rest_route=%2Fwp%2Fv2%2Ftags&post=16329"}],"curies":[{"name":"wp","href":"https:\/\/api.w.org\/{rel}","templated":true}]}}