{"id":16331,"date":"2023-09-14T09:48:55","date_gmt":"2023-09-14T07:48:55","guid":{"rendered":"https:\/\/indeks.mk\/?p=16331"},"modified":"2023-09-14T09:48:55","modified_gmt":"2023-09-14T07:48:55","slug":"e-zhveshur-nuk-hyn-ne-xhenet-fero-godet-me-deklaratat-per-arbeniten","status":"publish","type":"post","link":"https:\/\/indeks.bilten.mk\/?p=16331","title":{"rendered":"&#8220;E zhveshur nuk hyn n\u00eb xhenet&#8221;, Fero &#8220;godet&#8221; me deklaratat p\u00ebr Arbenit\u00ebn&#8230;"},"content":{"rendered":"<p>Fero (tashm\u00eb Khattab) duket se e ka shnd\u00ebrruar n\u00eb tradit\u00eb q\u00eb t\u00eb l\u00ebshoj\u00eb nga nj\u00eb \u2018bomb\u00eb\u2019 \u00e7do dit\u00eb p\u00ebrmes rrjeteve sociale.<\/p>\n<p>N\u00eb or\u00ebt e hershme t\u00eb m\u00ebngjesit, ai ka befasuar s\u00ebrish, teksa ka folur p\u00ebr raportin me Arbenit\u00ebn.<\/p>\n<p>\u2018Un\u00eb jam musliman tash dhe nuk kam lidhje me at\u00eb q\u00eb ish-gruaja ime b\u00ebn. Ne kemi jet\u00ebt tona me respekt p\u00ebr nj\u00ebri-tjetrin sepse kemi nj\u00eb vajz\u00eb por sot jam musliman dhe nuk kam asnj\u00eb relacion me t\u00eb. Ajo zgjodhi jet\u00ebn e saj\u2019, \u00ebsht\u00eb shprehur ai.<\/p>\n<p>Paraprakisht, Fero pa ndar\u00eb nj\u00eb th\u00ebnie islame q\u00eb precizon se xheneti \u00ebsht\u00eb i pamundur p\u00ebr femrat q\u00eb e ekspozojn\u00eb trupin, duke sulmuar n\u00eb k\u00ebt\u00eb form\u00eb Arbenit\u00ebn p\u00ebr postimet e saj t\u00eb fundit.<\/p>\n<p><img loading=\"lazy\" decoding=\"async\" class=\"alignnone size-full wp-image-186984\" src=\"https:\/\/prive.al\/wp-content\/uploads\/2023\/09\/Snapinsta.app_378656927_712447844271832_8807990849087190764_n_1284.jpg\" sizes=\"auto, (max-width: 1284px) 100vw, 1284px\" srcset=\"https:\/\/prive.al\/wp-content\/uploads\/2023\/09\/Snapinsta.app_378656927_712447844271832_8807990849087190764_n_1284.jpg 1284w, https:\/\/prive.al\/wp-content\/uploads\/2023\/09\/Snapinsta.app_378656927_712447844271832_8807990849087190764_n_1284-768x1365.jpg 768w\" alt=\"\" width=\"1284\" height=\"2282\" \/><\/p>\n<p>Pas daljes nga burgu, ata i dhan\u00eb nj\u00eb tjet\u00ebr shans lidhjes s\u00eb tyre. Fero u pa disa her\u00eb n\u00eb Gjilan me modelen por duket se ndryshimi i shpejt i m\u00ebnyr\u00ebs s\u00eb jetes\u00ebs ka b\u00ebr\u00eb q\u00eb ndarja mes tyre t\u00eb jet\u00eb p\u00ebrfundimtare duke i v\u00ebn\u00eb vul\u00ebn k\u00ebsaj pune edhe p\u00ebr nj\u00eb tjet\u00ebr her\u00eb.<\/p>\n","protected":false},"excerpt":{"rendered":"<p>Fero (tashm\u00eb Khattab) duket se e ka shnd\u00ebrruar n\u00eb tradit\u00eb q\u00eb t\u00eb l\u00ebshoj\u00eb nga nj\u00eb \u2018bomb\u00eb\u2019 \u00e7do dit\u00eb p\u00ebrmes rrjeteve sociale. N\u00eb or\u00ebt e hershme<\/p>\n","protected":false},"author":14,"featured_media":0,"comment_status":"open","ping_status":"open","sticky":false,"template":"","format":"standard","meta":{"footnotes":""},"categories":[49],"tags":[],"class_list":["post-16331","post","type-post","status-publish","format-standard","hentry","category-showbiz"],"_links":{"self":[{"href":"https:\/\/indeks.bilten.mk\/index.php?rest_route=\/wp\/v2\/posts\/16331","targetHints":{"allow":["GET"]}}],"collection":[{"href":"https:\/\/indeks.bilten.mk\/index.php?rest_route=\/wp\/v2\/posts"}],"about":[{"href":"https:\/\/indeks.bilten.mk\/index.php?rest_route=\/wp\/v2\/types\/post"}],"author":[{"embeddable":true,"href":"https:\/\/indeks.bilten.mk\/index.php?rest_route=\/wp\/v2\/users\/14"}],"replies":[{"embeddable":true,"href":"https:\/\/indeks.bilten.mk\/index.php?rest_route=%2Fwp%2Fv2%2Fcomments&post=16331"}],"version-history":[{"count":0,"href":"https:\/\/indeks.bilten.mk\/index.php?rest_route=\/wp\/v2\/posts\/16331\/revisions"}],"wp:attachment":[{"href":"https:\/\/indeks.bilten.mk\/index.php?rest_route=%2Fwp%2Fv2%2Fmedia&parent=16331"}],"wp:term":[{"taxonomy":"category","embeddable":true,"href":"https:\/\/indeks.bilten.mk\/index.php?rest_route=%2Fwp%2Fv2%2Fcategories&post=16331"},{"taxonomy":"post_tag","embeddable":true,"href":"https:\/\/indeks.bilten.mk\/index.php?rest_route=%2Fwp%2Fv2%2Ftags&post=16331"}],"curies":[{"name":"wp","href":"https:\/\/api.w.org\/{rel}","templated":true}]}}