{"id":16336,"date":"2023-09-14T10:49:50","date_gmt":"2023-09-14T08:49:50","guid":{"rendered":"https:\/\/indeks.mk\/?p=16336"},"modified":"2023-09-14T10:49:50","modified_gmt":"2023-09-14T08:49:50","slug":"komisionerja-thur-corape-ne-parlamentin-evropian-teksa-flet-von-der-leyen-video","status":"publish","type":"post","link":"https:\/\/indeks.bilten.mk\/?p=16336","title":{"rendered":"Komisionerja thur \u00e7orape n\u00eb Parlamentin Evropian teksa flet Von der Leyen (VIDEO)"},"content":{"rendered":"<p>Nj\u00eb sjellje tep\u00ebr e pazakont\u00eb brenda Parlamentit Evropian \u00ebsht\u00eb regjistruar nga kamerat, pik\u00ebrisht n\u00eb momentin kur kryetarja e Komisionit, Ursula von der Leyen po mbante nj\u00eb fjalim. Zakonisht pritet q\u00eb t\u00eb gjith\u00eb p\u00ebrfaq\u00ebsuesit e organizmit evropian ta ndjekin me interes at\u00eb q\u00eb von der Leyen deklaron.<\/p>\n<p>Mir\u00ebpo gj\u00ebrat rrodh\u00ebn disi ndryshe dhe diferenc\u00ebn e b\u00ebri komisionerja Ylva Johansson e cila brenda pak minutash arriti t\u2019i vjedh\u00eb v\u00ebmendjen presidentes s\u00eb Komisionit dhe t\u00eb b\u00ebhet virale.<\/p>\n<p>Nd\u00ebrkoh\u00eb q\u00eb kryetarja e Komisionit dhe drejtuesja e debatit n\u00eb Parlamentin Europian po fliste, komisionerja e Pun\u00ebve t\u00eb Brendshme t\u00eb BE-s\u00eb, Ylva Johansson, \u00ebsht\u00eb \u201ckapur\u201d nga kamera duke thurur \u00e7orape roz\u00eb.<\/p>\n<p>Megjithat\u00eb, kjo nuk ishte hera e par\u00eb q\u00eb komisionerja europiane paraqitet n\u00eb nj\u00eb takim duke thurur. N\u00eb vitin 2021, fotograf\u00ebt e kishin \u201ckapur\u201d at\u00eb n\u00eb nj\u00eb seanc\u00eb tjet\u00ebr duke thurur \u00e7orape leshi blu.<\/p>\n<p>Ylva Johansson \u00ebsht\u00eb deklaruar nj\u00eb adhuruese e madhe e thurjes dhe ka treguar \u00e7orapet q\u00eb thur zakonisht p\u00ebr koleg\u00ebt e saj n\u00eb Parlamentin Europian.<\/p>\n<p><iframe loading=\"lazy\" width=\"1280\" height=\"818\" src=\"https:\/\/www.youtube.com\/embed\/l5E3cjN8zVk\" title=\"EU Commissioner Ylva Johansson Caught Knitting Again - Viral Video #shorts\" frameborder=\"0\" allow=\"accelerometer; autoplay; clipboard-write; encrypted-media; gyroscope; picture-in-picture; web-share\" allowfullscreen><\/iframe><\/p>\n","protected":false},"excerpt":{"rendered":"<p>Nj\u00eb sjellje tep\u00ebr e pazakont\u00eb brenda Parlamentit Evropian \u00ebsht\u00eb regjistruar nga kamerat, pik\u00ebrisht n\u00eb momentin kur kryetarja e Komisionit, Ursula von der Leyen po mbante<\/p>\n","protected":false},"author":14,"featured_media":16337,"comment_status":"open","ping_status":"open","sticky":false,"template":"","format":"standard","meta":{"footnotes":""},"categories":[54],"tags":[],"class_list":["post-16336","post","type-post","status-publish","format-standard","has-post-thumbnail","hentry","category-indeks"],"_links":{"self":[{"href":"https:\/\/indeks.bilten.mk\/index.php?rest_route=\/wp\/v2\/posts\/16336","targetHints":{"allow":["GET"]}}],"collection":[{"href":"https:\/\/indeks.bilten.mk\/index.php?rest_route=\/wp\/v2\/posts"}],"about":[{"href":"https:\/\/indeks.bilten.mk\/index.php?rest_route=\/wp\/v2\/types\/post"}],"author":[{"embeddable":true,"href":"https:\/\/indeks.bilten.mk\/index.php?rest_route=\/wp\/v2\/users\/14"}],"replies":[{"embeddable":true,"href":"https:\/\/indeks.bilten.mk\/index.php?rest_route=%2Fwp%2Fv2%2Fcomments&post=16336"}],"version-history":[{"count":0,"href":"https:\/\/indeks.bilten.mk\/index.php?rest_route=\/wp\/v2\/posts\/16336\/revisions"}],"wp:featuredmedia":[{"embeddable":true,"href":"https:\/\/indeks.bilten.mk\/index.php?rest_route=\/wp\/v2\/media\/16337"}],"wp:attachment":[{"href":"https:\/\/indeks.bilten.mk\/index.php?rest_route=%2Fwp%2Fv2%2Fmedia&parent=16336"}],"wp:term":[{"taxonomy":"category","embeddable":true,"href":"https:\/\/indeks.bilten.mk\/index.php?rest_route=%2Fwp%2Fv2%2Fcategories&post=16336"},{"taxonomy":"post_tag","embeddable":true,"href":"https:\/\/indeks.bilten.mk\/index.php?rest_route=%2Fwp%2Fv2%2Ftags&post=16336"}],"curies":[{"name":"wp","href":"https:\/\/api.w.org\/{rel}","templated":true}]}}