{"id":16340,"date":"2023-09-14T11:52:19","date_gmt":"2023-09-14T09:52:19","guid":{"rendered":"https:\/\/indeks.mk\/?p=16340"},"modified":"2023-09-14T11:53:20","modified_gmt":"2023-09-14T09:53:20","slug":"melinda-e-kall-atmosferen-tek-banketi-i-kunates","status":"publish","type":"post","link":"https:\/\/indeks.bilten.mk\/?p=16340","title":{"rendered":"Melinda &#8220;e kall&#8221; atmosfer\u00ebn tek banketi i kunat\u00ebs (VIDEO)"},"content":{"rendered":"<p>Ndon\u00ebse nuk e kan\u00eb konfirmuar asnj\u00ebher\u00eb zyrtarisht, prej koh\u00ebsh p\u00ebrflitet p\u00ebr lidhjen e dashuris\u00eb t\u00eb Melinda Ademit me Granit Muhaxheri, i cili \u00ebsht\u00eb edhe menaxheri i saj.<\/p>\n<p>Nat\u00ebn e mbr\u00ebmshme Graniti ka martuar motr\u00ebn e tij Rit\u00ebn dhe padyshim n\u00eb fest\u00eb ishte edhe Melinda.<\/p>\n<p><a href=\"https:\/\/afterparty.al\/wp-content\/uploads\/RPReplay_Final1694679361.mov\">KLIKO VIDEON K\u00cbTU<\/a><\/p>\n<p>N\u00eb pamjet e shp\u00ebrndara shohim se artistja e kuruar si gjithmon\u00eb n\u00eb detaje e ka shijuar atmosfer\u00ebn duke ia hedhur valles me \u2018kunat\u00ebn\u2019 e saj.<\/p>\n<p><img loading=\"lazy\" decoding=\"async\" class=\"alignnone size-full wp-image-96301\" src=\"https:\/\/afterparty.al\/wp-content\/uploads\/IMG_2729.jpeg\" sizes=\"auto, (max-width: 1242px) 100vw, 1242px\" srcset=\"https:\/\/afterparty.al\/wp-content\/uploads\/IMG_2729.jpeg 1242w, https:\/\/afterparty.al\/wp-content\/uploads\/IMG_2729-262x300.jpeg 262w, https:\/\/afterparty.al\/wp-content\/uploads\/IMG_2729-896x1024.jpeg 896w\" alt=\"\" width=\"1242\" height=\"1420\" \/><\/p>\n","protected":false},"excerpt":{"rendered":"<p>Ndon\u00ebse nuk e kan\u00eb konfirmuar asnj\u00ebher\u00eb zyrtarisht, prej koh\u00ebsh p\u00ebrflitet p\u00ebr lidhjen e dashuris\u00eb t\u00eb Melinda Ademit me Granit Muhaxheri, i cili \u00ebsht\u00eb edhe menaxheri<\/p>\n","protected":false},"author":14,"featured_media":0,"comment_status":"open","ping_status":"open","sticky":false,"template":"","format":"standard","meta":{"footnotes":""},"categories":[49],"tags":[],"class_list":["post-16340","post","type-post","status-publish","format-standard","hentry","category-showbiz"],"_links":{"self":[{"href":"https:\/\/indeks.bilten.mk\/index.php?rest_route=\/wp\/v2\/posts\/16340","targetHints":{"allow":["GET"]}}],"collection":[{"href":"https:\/\/indeks.bilten.mk\/index.php?rest_route=\/wp\/v2\/posts"}],"about":[{"href":"https:\/\/indeks.bilten.mk\/index.php?rest_route=\/wp\/v2\/types\/post"}],"author":[{"embeddable":true,"href":"https:\/\/indeks.bilten.mk\/index.php?rest_route=\/wp\/v2\/users\/14"}],"replies":[{"embeddable":true,"href":"https:\/\/indeks.bilten.mk\/index.php?rest_route=%2Fwp%2Fv2%2Fcomments&post=16340"}],"version-history":[{"count":0,"href":"https:\/\/indeks.bilten.mk\/index.php?rest_route=\/wp\/v2\/posts\/16340\/revisions"}],"wp:attachment":[{"href":"https:\/\/indeks.bilten.mk\/index.php?rest_route=%2Fwp%2Fv2%2Fmedia&parent=16340"}],"wp:term":[{"taxonomy":"category","embeddable":true,"href":"https:\/\/indeks.bilten.mk\/index.php?rest_route=%2Fwp%2Fv2%2Fcategories&post=16340"},{"taxonomy":"post_tag","embeddable":true,"href":"https:\/\/indeks.bilten.mk\/index.php?rest_route=%2Fwp%2Fv2%2Ftags&post=16340"}],"curies":[{"name":"wp","href":"https:\/\/api.w.org\/{rel}","templated":true}]}}