{"id":16347,"date":"2023-09-14T12:21:12","date_gmt":"2023-09-14T10:21:12","guid":{"rendered":"https:\/\/indeks.mk\/?p=16347"},"modified":"2023-09-14T12:21:12","modified_gmt":"2023-09-14T10:21:12","slug":"ish-menaxheri-i-babastars-fiton-500-mije-euro-demshperblim-nga-dafina-zeqirin-dokument","status":"publish","type":"post","link":"https:\/\/indeks.bilten.mk\/?p=16347","title":{"rendered":"Ish menaxheri i Babastars fiton 500 mij\u00eb euro d\u00ebmshp\u00ebrblim nga Dafina Zeqirin (Dokument)"},"content":{"rendered":"<p>Gjykata Themelore n\u00eb Prishtin\u00eb ka vendosur n\u00eb favor t\u00eb ish-menaxherit t\u00eb njohur, Drin Zatriqi, n\u00eb kontestin gjyq\u00ebsor\u00eb ndaj k\u00ebng\u00ebtares, Dafina Zeqiri.<\/p>\n<p>Ish-menaxheri i \u201cBabastars\u201d kishte ngritur padi p\u00ebr shpifje dhe fyerje ndaj Dafina Zeqirit, duke k\u00ebrkuar 500 mij\u00eb euro si vler\u00eb p\u00ebr kompensim.<\/p>\n<p>Gjykata Themelore n\u00eb Prishtin\u00eb ka vendosur sot n\u00eb favor t\u00eb Zatriqit duke aprovuar padin\u00eb e tij, nd\u00ebrkaq shuma e kompenzimit nuk \u00ebsht\u00eb caktuar akoma. Vlera do t\u00eb vendoset p\u00ebrmes nj\u00eb ekspertize.<\/p>\n<p>Zatriqi kishte vendosur ta padis\u00eb Dafina Zeqirin, pasi kjo e fundit e kishte quajtur si \u201cHajn, abuzues e k\u00ebrc\u00ebnues\u201d.<\/p>\n<p>\u201cDrin Zatriqi, mbylle goj\u00ebn t\u00ebnde t\u00eb pist\u00eb. Ti je njeri ma zi se krejt \u00e7ka i permende! Rrah\u00ebs i grave! Abuzues! Hajn! Mos t\u00eb flasim p\u00ebr sene tjera! Ti mu m\u00eb ki p\u00ebrcjell, m\u00eb ki k\u00ebrc\u00ebnuar e del k\u00ebndej e han m***\u201d, kishte shkruar k\u00ebng\u00ebtarja, n\u00eb postimin t\u00eb cilin e kishte fshir\u00eb m\u00eb pas.<\/p>\n<p>Zatriqi i kishte reaguar menj\u00ebher\u00eb n\u00eb at\u00eb koh\u00eb, duke e nxitur at\u00eb q\u00eb t\u00eb publikoj\u00eb prova, teksa e kishte paralajm\u00ebruar se do t\u00eb ngre padin\u00eb ndaj saj, ashtu si\u00e7 edhe veproi.<\/p>\n<p>&nbsp;<\/p>\n<p><iframe loading=\"lazy\" style=\"border: none; overflow: hidden;\" src=\"https:\/\/www.facebook.com\/plugins\/post.php?href=https%3A%2F%2Fwww.facebook.com%2Fdrin.zatriqi.9%2Fposts%2Fpfbid0GEQHwh4Rg498i1eKrYxg3Asuxz9Say3iBquVFyNdERWKkJqjezn2nj7DzuC9GgF9l&amp;show_text=true&amp;width=500\" width=\"500\" height=\"645\" frameborder=\"0\" scrolling=\"no\" allowfullscreen=\"allowfullscreen\"><\/iframe><\/p>\n","protected":false},"excerpt":{"rendered":"<p>Gjykata Themelore n\u00eb Prishtin\u00eb ka vendosur n\u00eb favor t\u00eb ish-menaxherit t\u00eb njohur, Drin Zatriqi, n\u00eb kontestin gjyq\u00ebsor\u00eb ndaj k\u00ebng\u00ebtares, Dafina Zeqiri. Ish-menaxheri i \u201cBabastars\u201d kishte<\/p>\n","protected":false},"author":14,"featured_media":16348,"comment_status":"open","ping_status":"open","sticky":false,"template":"","format":"standard","meta":{"footnotes":""},"categories":[49],"tags":[],"class_list":["post-16347","post","type-post","status-publish","format-standard","has-post-thumbnail","hentry","category-showbiz"],"_links":{"self":[{"href":"https:\/\/indeks.bilten.mk\/index.php?rest_route=\/wp\/v2\/posts\/16347","targetHints":{"allow":["GET"]}}],"collection":[{"href":"https:\/\/indeks.bilten.mk\/index.php?rest_route=\/wp\/v2\/posts"}],"about":[{"href":"https:\/\/indeks.bilten.mk\/index.php?rest_route=\/wp\/v2\/types\/post"}],"author":[{"embeddable":true,"href":"https:\/\/indeks.bilten.mk\/index.php?rest_route=\/wp\/v2\/users\/14"}],"replies":[{"embeddable":true,"href":"https:\/\/indeks.bilten.mk\/index.php?rest_route=%2Fwp%2Fv2%2Fcomments&post=16347"}],"version-history":[{"count":0,"href":"https:\/\/indeks.bilten.mk\/index.php?rest_route=\/wp\/v2\/posts\/16347\/revisions"}],"wp:featuredmedia":[{"embeddable":true,"href":"https:\/\/indeks.bilten.mk\/index.php?rest_route=\/wp\/v2\/media\/16348"}],"wp:attachment":[{"href":"https:\/\/indeks.bilten.mk\/index.php?rest_route=%2Fwp%2Fv2%2Fmedia&parent=16347"}],"wp:term":[{"taxonomy":"category","embeddable":true,"href":"https:\/\/indeks.bilten.mk\/index.php?rest_route=%2Fwp%2Fv2%2Fcategories&post=16347"},{"taxonomy":"post_tag","embeddable":true,"href":"https:\/\/indeks.bilten.mk\/index.php?rest_route=%2Fwp%2Fv2%2Ftags&post=16347"}],"curies":[{"name":"wp","href":"https:\/\/api.w.org\/{rel}","templated":true}]}}