{"id":16351,"date":"2023-09-14T13:58:07","date_gmt":"2023-09-14T11:58:07","guid":{"rendered":"https:\/\/indeks.mk\/?p=16351"},"modified":"2023-09-14T13:58:07","modified_gmt":"2023-09-14T11:58:07","slug":"takimi-tre-palesh-kurti-e-vuciqi-shikohen-sy-me-sy-te-ulur-ne-tavolinen-e-bisedimeve","status":"publish","type":"post","link":"https:\/\/indeks.bilten.mk\/?p=16351","title":{"rendered":"Takimi tre pal\u00ebsh, Kurti e Vu\u00e7iqi shikohen sy m\u00eb sy t\u00eb ulur n\u00eb tavolin\u00ebn e bisedimeve"},"content":{"rendered":"<p><strong>Kryeministri i Kosov\u00ebs, Albin Kurti, dhe presidenti i Serbis\u00eb, Aleksandar Vu\u00e7iq, nis\u00ebn takimin me shefin e politik\u00ebs s\u00eb jashtme t\u00eb Bashkimit Evropian, Josep Borrell, dhe t\u00eb d\u00ebrguarin e BE-s\u00eb p\u00ebr dialogun Kosov\u00eb-Serbi, Mirosllav Laj\u00e7ak.<\/strong><\/p>\n<p>Sipas njoftimit t\u00eb BE-s\u00eb, tem\u00eb e takimit trepal\u00ebsh \u00ebsht\u00eb zbatimi i Marr\u00ebveshjes p\u00ebr normalizimin e marr\u00ebdh\u00ebnieve, e arritur gojarisht mes Kurtit dhe Vu\u00e7iqit n\u00eb muajin shkurt.<\/p>\n<p>N\u00eb videon e publikuar nga Bashkimi Evropian, Kurti dhe Vu\u00e7iqi shihet tek shikohen n\u00eb sy pa th\u00ebn\u00eb as edhe nj\u00eb fjal\u00eb.<\/p>\n<blockquote id=\"instagram-media-payload-0\" class=\" instagram-media-registered\" data-instgrm-captioned=\"\" data-instgrm-permalink=\"https:\/\/www.instagram.com\/reel\/CxKwK0DJ3W5\/?utm_source=ig_embed&amp;utm_campaign=loading\" data-instgrm-version=\"14\">\n<div>\n<p>&nbsp;<\/p>\n<div>\n<div><\/div>\n<div>\n<div><\/div>\n<div><\/div>\n<\/div>\n<\/div>\n<div><\/div>\n<div><\/div>\n<div>\n<div>View this post on Instagram<\/div>\n<\/div>\n<div><\/div>\n<div>\n<div>\n<div><\/div>\n<div><\/div>\n<div><\/div>\n<\/div>\n<div>\n<div><\/div>\n<div><\/div>\n<\/div>\n<div>\n<div><\/div>\n<div><\/div>\n<div><\/div>\n<\/div>\n<\/div>\n<div>\n<div><\/div>\n<div><\/div>\n<\/div>\n<p>&nbsp;<\/p>\n<p><a href=\"https:\/\/www.instagram.com\/reel\/CxKwK0DJ3W5\/?utm_source=ig_embed&amp;utm_campaign=loading\" target=\"_blank\" rel=\"noopener\">A post shared by Portali Tempulli (@tempulli.official)<\/a><\/p>\n<\/div>\n<\/blockquote>\n","protected":false},"excerpt":{"rendered":"<p>Kryeministri i Kosov\u00ebs, Albin Kurti, dhe presidenti i Serbis\u00eb, Aleksandar Vu\u00e7iq, nis\u00ebn takimin me shefin e politik\u00ebs s\u00eb jashtme t\u00eb Bashkimit Evropian, Josep Borrell, dhe<\/p>\n","protected":false},"author":14,"featured_media":16354,"comment_status":"open","ping_status":"open","sticky":false,"template":"","format":"standard","meta":{"footnotes":""},"categories":[45],"tags":[],"class_list":["post-16351","post","type-post","status-publish","format-standard","has-post-thumbnail","hentry","category-rajoni"],"_links":{"self":[{"href":"https:\/\/indeks.bilten.mk\/index.php?rest_route=\/wp\/v2\/posts\/16351","targetHints":{"allow":["GET"]}}],"collection":[{"href":"https:\/\/indeks.bilten.mk\/index.php?rest_route=\/wp\/v2\/posts"}],"about":[{"href":"https:\/\/indeks.bilten.mk\/index.php?rest_route=\/wp\/v2\/types\/post"}],"author":[{"embeddable":true,"href":"https:\/\/indeks.bilten.mk\/index.php?rest_route=\/wp\/v2\/users\/14"}],"replies":[{"embeddable":true,"href":"https:\/\/indeks.bilten.mk\/index.php?rest_route=%2Fwp%2Fv2%2Fcomments&post=16351"}],"version-history":[{"count":0,"href":"https:\/\/indeks.bilten.mk\/index.php?rest_route=\/wp\/v2\/posts\/16351\/revisions"}],"wp:featuredmedia":[{"embeddable":true,"href":"https:\/\/indeks.bilten.mk\/index.php?rest_route=\/wp\/v2\/media\/16354"}],"wp:attachment":[{"href":"https:\/\/indeks.bilten.mk\/index.php?rest_route=%2Fwp%2Fv2%2Fmedia&parent=16351"}],"wp:term":[{"taxonomy":"category","embeddable":true,"href":"https:\/\/indeks.bilten.mk\/index.php?rest_route=%2Fwp%2Fv2%2Fcategories&post=16351"},{"taxonomy":"post_tag","embeddable":true,"href":"https:\/\/indeks.bilten.mk\/index.php?rest_route=%2Fwp%2Fv2%2Ftags&post=16351"}],"curies":[{"name":"wp","href":"https:\/\/api.w.org\/{rel}","templated":true}]}}