{"id":16352,"date":"2023-09-14T12:55:52","date_gmt":"2023-09-14T10:55:52","guid":{"rendered":"https:\/\/indeks.mk\/?p=16352"},"modified":"2023-09-14T12:55:52","modified_gmt":"2023-09-14T10:55:52","slug":"bekteshi-nga-e-marta-ulen-cmimet-e-disa-produkteve-ushqimore","status":"publish","type":"post","link":"https:\/\/indeks.bilten.mk\/?p=16352","title":{"rendered":"Bekteshi: Nga e marta ulen \u00e7mimet e disa produkteve ushqimore"},"content":{"rendered":"<p>Ministri i Ekonomis\u00eb, Kreshnik Bekteshi n\u00eb konferenc\u00eb p\u00ebr media tha se nga e marta do t\u00eb b\u00ebhet ulja e \u00e7mimeve t\u00eb disa produkteve n\u00eb vend pas takimit me supermarketet ku jan\u00eb marr\u00eb vesh p\u00ebr ulje t\u00eb 50 produkteve nga minimum 10%.<\/p>\n<p>\u201dKemi pasur takim me disa nga marketet me 8 prej tyre dhe pas shum\u00eb debateve e diskutimeve jemi pajtuar bashkarisht se ka hap\u00ebsir\u00eb q\u00eb t\u00eb kemi ulje t\u00eb disa \u00e7mimeve prej 10% t\u00eb produkteve. Q\u00eb do t\u00eb thot\u00eb q\u00eb vendimi i Ministris\u00eb s\u00eb Ekonomis\u00eb do t\u00eb zbatohet nga e marta\u201d \u2013 tha ministri Bekteshi. \/KlanMacedonia\/<\/p>\n","protected":false},"excerpt":{"rendered":"<p>Ministri i Ekonomis\u00eb, Kreshnik Bekteshi n\u00eb konferenc\u00eb p\u00ebr media tha se nga e marta do t\u00eb b\u00ebhet ulja e \u00e7mimeve t\u00eb disa produkteve n\u00eb vend<\/p>\n","protected":false},"author":14,"featured_media":0,"comment_status":"open","ping_status":"open","sticky":false,"template":"","format":"standard","meta":{"footnotes":""},"categories":[44],"tags":[],"class_list":["post-16352","post","type-post","status-publish","format-standard","hentry","category-maqedoni"],"_links":{"self":[{"href":"https:\/\/indeks.bilten.mk\/index.php?rest_route=\/wp\/v2\/posts\/16352","targetHints":{"allow":["GET"]}}],"collection":[{"href":"https:\/\/indeks.bilten.mk\/index.php?rest_route=\/wp\/v2\/posts"}],"about":[{"href":"https:\/\/indeks.bilten.mk\/index.php?rest_route=\/wp\/v2\/types\/post"}],"author":[{"embeddable":true,"href":"https:\/\/indeks.bilten.mk\/index.php?rest_route=\/wp\/v2\/users\/14"}],"replies":[{"embeddable":true,"href":"https:\/\/indeks.bilten.mk\/index.php?rest_route=%2Fwp%2Fv2%2Fcomments&post=16352"}],"version-history":[{"count":0,"href":"https:\/\/indeks.bilten.mk\/index.php?rest_route=\/wp\/v2\/posts\/16352\/revisions"}],"wp:attachment":[{"href":"https:\/\/indeks.bilten.mk\/index.php?rest_route=%2Fwp%2Fv2%2Fmedia&parent=16352"}],"wp:term":[{"taxonomy":"category","embeddable":true,"href":"https:\/\/indeks.bilten.mk\/index.php?rest_route=%2Fwp%2Fv2%2Fcategories&post=16352"},{"taxonomy":"post_tag","embeddable":true,"href":"https:\/\/indeks.bilten.mk\/index.php?rest_route=%2Fwp%2Fv2%2Ftags&post=16352"}],"curies":[{"name":"wp","href":"https:\/\/api.w.org\/{rel}","templated":true}]}}