{"id":16358,"date":"2023-09-14T14:05:58","date_gmt":"2023-09-14T12:05:58","guid":{"rendered":"https:\/\/indeks.mk\/?p=16358"},"modified":"2023-09-14T14:05:58","modified_gmt":"2023-09-14T12:05:58","slug":"vuciq-bisedimet-me-albin-kurtin-perfunduan-pa-sukses","status":"publish","type":"post","link":"https:\/\/indeks.bilten.mk\/?p=16358","title":{"rendered":"Vu\u00e7iq: Bisedimet me Albin Kurtin p\u00ebrfunduan pa sukses"},"content":{"rendered":"<p><strong>Presidenti i Serbis\u00eb, Aleksandar Vu\u00e7iq, tha se bisedimet me kryeministrin e Kosov\u00ebs, p\u00ebrfunduan pa sukses \u201cn\u00eb kuptimin e gjetjes s\u00eb nj\u00eb rruge t\u00eb qart\u00eb drejt normalizimit t\u00eb marr\u00ebdh\u00ebnieve\u201d.<\/strong><\/p>\n<p>\u201cNe t\u00eb gjith\u00eb i kemi propozimet tona, shqiptar\u00ebt i kan\u00eb t\u00eb tyret, ne i kemi tonat. N\u00eb fund, ne si Serbi e kemi pranuar propozimin e kompromisit t\u00eb BE-s\u00eb. Kurti nuk ka dashur ta pranoj\u00eb. Takimi ka p\u00ebrfunduar\u201d, u tha Vu\u00e7iq gazetar\u00ebve.<\/p>\n<p>Dy udh\u00ebheq\u00ebsit u takuan t\u00eb enjten n\u00eb Bruksel \u2013 p\u00ebr her\u00eb t\u00eb par\u00eb pas m\u00eb shum\u00eb se kat\u00ebr muajsh.<\/p>\n<p>Kurti dhe Vu\u00e7iq zhvilluan paraprakisht takime t\u00eb ndara me nd\u00ebrmjet\u00ebsuesit e procesit, shefin e politik\u00ebs s\u00eb jashtme t\u00eb Bashkimit Evropian, Josep Borrell, dhe t\u00eb d\u00ebrguarin e BE-s\u00eb p\u00ebr dialogun Kosov\u00eb-Serbi, Mirosllav Laj\u00e7ak.<\/p>\n","protected":false},"excerpt":{"rendered":"<p>Presidenti i Serbis\u00eb, Aleksandar Vu\u00e7iq, tha se bisedimet me kryeministrin e Kosov\u00ebs, p\u00ebrfunduan pa sukses \u201cn\u00eb kuptimin e gjetjes s\u00eb nj\u00eb rruge t\u00eb qart\u00eb drejt<\/p>\n","protected":false},"author":14,"featured_media":0,"comment_status":"open","ping_status":"open","sticky":false,"template":"","format":"standard","meta":{"footnotes":""},"categories":[45],"tags":[],"class_list":["post-16358","post","type-post","status-publish","format-standard","hentry","category-rajoni"],"_links":{"self":[{"href":"https:\/\/indeks.bilten.mk\/index.php?rest_route=\/wp\/v2\/posts\/16358","targetHints":{"allow":["GET"]}}],"collection":[{"href":"https:\/\/indeks.bilten.mk\/index.php?rest_route=\/wp\/v2\/posts"}],"about":[{"href":"https:\/\/indeks.bilten.mk\/index.php?rest_route=\/wp\/v2\/types\/post"}],"author":[{"embeddable":true,"href":"https:\/\/indeks.bilten.mk\/index.php?rest_route=\/wp\/v2\/users\/14"}],"replies":[{"embeddable":true,"href":"https:\/\/indeks.bilten.mk\/index.php?rest_route=%2Fwp%2Fv2%2Fcomments&post=16358"}],"version-history":[{"count":0,"href":"https:\/\/indeks.bilten.mk\/index.php?rest_route=\/wp\/v2\/posts\/16358\/revisions"}],"wp:attachment":[{"href":"https:\/\/indeks.bilten.mk\/index.php?rest_route=%2Fwp%2Fv2%2Fmedia&parent=16358"}],"wp:term":[{"taxonomy":"category","embeddable":true,"href":"https:\/\/indeks.bilten.mk\/index.php?rest_route=%2Fwp%2Fv2%2Fcategories&post=16358"},{"taxonomy":"post_tag","embeddable":true,"href":"https:\/\/indeks.bilten.mk\/index.php?rest_route=%2Fwp%2Fv2%2Ftags&post=16358"}],"curies":[{"name":"wp","href":"https:\/\/api.w.org\/{rel}","templated":true}]}}