{"id":16360,"date":"2023-09-14T14:26:24","date_gmt":"2023-09-14T12:26:24","guid":{"rendered":"https:\/\/indeks.mk\/?p=16360"},"modified":"2023-09-14T14:26:24","modified_gmt":"2023-09-14T12:26:24","slug":"ovl-e-uck-se-therret-proteste-kunder-zps-se-dhe-eulex-it","status":"publish","type":"post","link":"https:\/\/indeks.bilten.mk\/?p=16360","title":{"rendered":"OVL e U\u00c7K-s\u00eb th\u00ebrret protest\u00eb kund\u00ebr ZPS-s\u00eb dhe EULEX-it"},"content":{"rendered":"<p><strong>Ushtruesi i detyr\u00ebs s\u00eb kryetarit t\u00eb Organizat\u00ebs s\u00eb Veteran\u00ebve t\u00eb Luft\u00ebs s\u00eb Ushtris\u00eb \u00c7lirimtare t\u00eb Kosov\u00ebs, Faton Klinaku, ka th\u00ebn\u00eb q\u00eb Zyra e Prokurorit t\u00eb Specializuar n\u00eb Hag\u00eb dhe EULEX-i jan\u00eb, duke i shqet\u00ebsuar familjet e bashk\u00ebluft\u00ebtar\u00ebve dhe familjet e d\u00ebshmor\u00ebve, duke d\u00ebrguar pa \u201dparalajm\u00ebrim njer\u00ebz t\u00eb panjohur e me kapela n\u00eb kok\u00eb, p\u00ebr gjoja intervistime e duke ua konfiskuar edhe telefonat e tyre personal\u201d.<\/strong><\/p>\n<p>Klinaku n\u00eb nj\u00eb postim n\u00eb Facebook, ka njoftuar se Organizata e Veteran\u00ebve t\u00eb Luft\u00ebs s\u00eb Ushtris\u00eb \u00c7lirimtare t\u00eb Kosov\u00ebs ka thirrur protest\u00eb kund\u00ebr ZPS-s\u00eb dhe EULEX-it, te selia e tyre n\u00eb Fush\u00eb Kosov\u00eb, nes\u00ebr me dat\u00eb 15 shtator 2023, ora 12:00.<\/p>\n<p>\u201dKjo gj\u00eb k\u00ebshtu, si\u00e7 po b\u00ebjn\u00eb k\u00ebta t\u00eb panjohur p\u00ebr ne, po b\u00ebhet n\u00eb shtetin ton\u00eb sikur dikur n\u00eb koh\u00ebn e pushtuesit, dhe institucionet tona vet\u00ebm po heshtin. Prandaj, duke pasur parasysh k\u00ebt\u00eb, ne th\u00ebrrasim protest\u00eb kund\u00ebr ZPS-s\u00eb dhe EULEX-it, te selia e tyre n\u00eb Fush\u00eb Kosov\u00eb, nes\u00ebr me dat\u00eb 15 shtator 2023, ora 12:00. Ju ftojm\u00eb q\u00eb t\u00eb merrni pjes\u00eb n\u00eb protest\u00eb\u201d, ka shkruar Klinaku.<\/p>\n<p>M\u00ebngjesin e sot\u00ebm EULEX dhe Policia e Kosov\u00ebs kan\u00eb bastisur sht\u00ebpin\u00eb e ish ushtarit t\u00eb U\u00c7K-s\u00eb, Behar Berish\u00ebs n\u00eb rrug\u00ebn Ram\u00eb Govori n\u00eb Prishtin\u00eb.<\/p>\n<p>Berisha ka qen\u00eb bashk\u00ebluft\u00ebtar i Sali Mustaf\u00ebs \u2013 Calit.<\/p>\n<p>Ndryshe, EULEX me urdh\u00ebr t\u00eb Dhomave t\u00eb Specializuara ka sekuestruar telefonat personal t\u00eb ish-komandantit t\u00eb Zon\u00ebs Operative t\u00eb Llapit, Rrustem Mustafa \u2013 Remit, ish-t\u00eb burgosurit politik, Nait Hasanit, v\u00ebllait t\u00eb luft\u00ebtarit t\u00eb U\u00c7K-s\u00eb, Sali Mustaf\u00ebs, si dhe ka bastisur sht\u00ebpin\u00eb e heronjve Fahri e Bahri Fazliu.<\/p>\n","protected":false},"excerpt":{"rendered":"<p>Ushtruesi i detyr\u00ebs s\u00eb kryetarit t\u00eb Organizat\u00ebs s\u00eb Veteran\u00ebve t\u00eb Luft\u00ebs s\u00eb Ushtris\u00eb \u00c7lirimtare t\u00eb Kosov\u00ebs, Faton Klinaku, ka th\u00ebn\u00eb q\u00eb Zyra e Prokurorit t\u00eb<\/p>\n","protected":false},"author":14,"featured_media":16361,"comment_status":"open","ping_status":"open","sticky":false,"template":"","format":"standard","meta":{"footnotes":""},"categories":[45],"tags":[],"class_list":["post-16360","post","type-post","status-publish","format-standard","has-post-thumbnail","hentry","category-rajoni"],"_links":{"self":[{"href":"https:\/\/indeks.bilten.mk\/index.php?rest_route=\/wp\/v2\/posts\/16360","targetHints":{"allow":["GET"]}}],"collection":[{"href":"https:\/\/indeks.bilten.mk\/index.php?rest_route=\/wp\/v2\/posts"}],"about":[{"href":"https:\/\/indeks.bilten.mk\/index.php?rest_route=\/wp\/v2\/types\/post"}],"author":[{"embeddable":true,"href":"https:\/\/indeks.bilten.mk\/index.php?rest_route=\/wp\/v2\/users\/14"}],"replies":[{"embeddable":true,"href":"https:\/\/indeks.bilten.mk\/index.php?rest_route=%2Fwp%2Fv2%2Fcomments&post=16360"}],"version-history":[{"count":0,"href":"https:\/\/indeks.bilten.mk\/index.php?rest_route=\/wp\/v2\/posts\/16360\/revisions"}],"wp:featuredmedia":[{"embeddable":true,"href":"https:\/\/indeks.bilten.mk\/index.php?rest_route=\/wp\/v2\/media\/16361"}],"wp:attachment":[{"href":"https:\/\/indeks.bilten.mk\/index.php?rest_route=%2Fwp%2Fv2%2Fmedia&parent=16360"}],"wp:term":[{"taxonomy":"category","embeddable":true,"href":"https:\/\/indeks.bilten.mk\/index.php?rest_route=%2Fwp%2Fv2%2Fcategories&post=16360"},{"taxonomy":"post_tag","embeddable":true,"href":"https:\/\/indeks.bilten.mk\/index.php?rest_route=%2Fwp%2Fv2%2Ftags&post=16360"}],"curies":[{"name":"wp","href":"https:\/\/api.w.org\/{rel}","templated":true}]}}