{"id":16369,"date":"2023-09-14T14:38:36","date_gmt":"2023-09-14T12:38:36","guid":{"rendered":"https:\/\/indeks.mk\/?p=16369"},"modified":"2023-09-14T14:38:36","modified_gmt":"2023-09-14T12:38:36","slug":"luana-vjollca-cmend-greket-me-paraqitjen-e-saj","status":"publish","type":"post","link":"https:\/\/indeks.bilten.mk\/?p=16369","title":{"rendered":"Luana Vjollca \u201c\u00e7mend\u201d grek\u00ebt me paraqitjen e saj&#8230;"},"content":{"rendered":"<p><strong>Moderatorja e njohur shqiptare, Luana Vjollca krahas angazhimeve me projekte t\u00eb reja, ver\u00ebn e ka shfryt\u00ebzuar edhe p\u00ebr t\u00eb shijuar disa dit\u00eb pushimesh.<\/strong><\/p>\n<p>Bukuroshja bionde zgjodhi Mykonos n\u00eb Greqi si nj\u00eb nga destinacionet dhe nga atje ka vazhduar t\u00eb sjell imazhe t\u00eb ndryshme n\u00eb rrjetet sociale.<\/p>\n<p><img loading=\"lazy\" decoding=\"async\" class=\"alignnone size-full wp-image-499394\" src=\"https:\/\/i0.wp.com\/www.kosovarja-ks.com\/wp-content\/uploads\/2023\/09\/luanavjollca_377866474_18389424922032875_5753626212894787506_n.jpg?resize=1080%2C1349&amp;ssl=1\" sizes=\"auto, (max-width: 1000px) 100vw, 1000px\" srcset=\"https:\/\/i0.wp.com\/www.kosovarja-ks.com\/wp-content\/uploads\/2023\/09\/luanavjollca_377866474_18389424922032875_5753626212894787506_n.jpg?w=1080&amp;ssl=1 1080w, https:\/\/i0.wp.com\/www.kosovarja-ks.com\/wp-content\/uploads\/2023\/09\/luanavjollca_377866474_18389424922032875_5753626212894787506_n.jpg?resize=240%2C300&amp;ssl=1 240w, https:\/\/i0.wp.com\/www.kosovarja-ks.com\/wp-content\/uploads\/2023\/09\/luanavjollca_377866474_18389424922032875_5753626212894787506_n.jpg?resize=820%2C1024&amp;ssl=1 820w, https:\/\/i0.wp.com\/www.kosovarja-ks.com\/wp-content\/uploads\/2023\/09\/luanavjollca_377866474_18389424922032875_5753626212894787506_n.jpg?resize=768%2C959&amp;ssl=1 768w, https:\/\/i0.wp.com\/www.kosovarja-ks.com\/wp-content\/uploads\/2023\/09\/luanavjollca_377866474_18389424922032875_5753626212894787506_n.jpg?resize=750%2C937&amp;ssl=1 750w\" alt=\"\" width=\"673\" height=\"841\" data-pin-no-hover=\"true\" \/>\u00a0<img loading=\"lazy\" decoding=\"async\" class=\"alignnone size-full wp-image-499395\" src=\"https:\/\/i0.wp.com\/www.kosovarja-ks.com\/wp-content\/uploads\/2023\/09\/luanavjollca_377680717_18389424913032875_2893516717387477232_n.jpg?resize=1080%2C1349&amp;ssl=1\" sizes=\"auto, (max-width: 1000px) 100vw, 1000px\" srcset=\"https:\/\/i0.wp.com\/www.kosovarja-ks.com\/wp-content\/uploads\/2023\/09\/luanavjollca_377680717_18389424913032875_2893516717387477232_n.jpg?w=1080&amp;ssl=1 1080w, https:\/\/i0.wp.com\/www.kosovarja-ks.com\/wp-content\/uploads\/2023\/09\/luanavjollca_377680717_18389424913032875_2893516717387477232_n.jpg?resize=240%2C300&amp;ssl=1 240w, https:\/\/i0.wp.com\/www.kosovarja-ks.com\/wp-content\/uploads\/2023\/09\/luanavjollca_377680717_18389424913032875_2893516717387477232_n.jpg?resize=820%2C1024&amp;ssl=1 820w, https:\/\/i0.wp.com\/www.kosovarja-ks.com\/wp-content\/uploads\/2023\/09\/luanavjollca_377680717_18389424913032875_2893516717387477232_n.jpg?resize=768%2C959&amp;ssl=1 768w, https:\/\/i0.wp.com\/www.kosovarja-ks.com\/wp-content\/uploads\/2023\/09\/luanavjollca_377680717_18389424913032875_2893516717387477232_n.jpg?resize=750%2C937&amp;ssl=1 750w\" alt=\"\" width=\"673\" height=\"841\" data-pin-no-hover=\"true\" \/>\u00a0<img loading=\"lazy\" decoding=\"async\" class=\"alignnone size-full wp-image-499396\" src=\"https:\/\/i0.wp.com\/www.kosovarja-ks.com\/wp-content\/uploads\/2023\/09\/luanavjollca_377578863_18389424904032875_5596879763876136315_n.jpg?resize=1080%2C1349&amp;ssl=1\" sizes=\"auto, (max-width: 1000px) 100vw, 1000px\" srcset=\"https:\/\/i0.wp.com\/www.kosovarja-ks.com\/wp-content\/uploads\/2023\/09\/luanavjollca_377578863_18389424904032875_5596879763876136315_n.jpg?w=1080&amp;ssl=1 1080w, https:\/\/i0.wp.com\/www.kosovarja-ks.com\/wp-content\/uploads\/2023\/09\/luanavjollca_377578863_18389424904032875_5596879763876136315_n.jpg?resize=240%2C300&amp;ssl=1 240w, https:\/\/i0.wp.com\/www.kosovarja-ks.com\/wp-content\/uploads\/2023\/09\/luanavjollca_377578863_18389424904032875_5596879763876136315_n.jpg?resize=820%2C1024&amp;ssl=1 820w, https:\/\/i0.wp.com\/www.kosovarja-ks.com\/wp-content\/uploads\/2023\/09\/luanavjollca_377578863_18389424904032875_5596879763876136315_n.jpg?resize=768%2C959&amp;ssl=1 768w, https:\/\/i0.wp.com\/www.kosovarja-ks.com\/wp-content\/uploads\/2023\/09\/luanavjollca_377578863_18389424904032875_5596879763876136315_n.jpg?resize=750%2C937&amp;ssl=1 750w\" alt=\"\" width=\"673\" height=\"841\" data-pin-no-hover=\"true\" \/><\/p>\n<p>Edhe s\u00eb fundmi, Luana ka pozuar me nj\u00eb veshje ngjyr\u00eb roz\u00eb, bluz\u00eb me dekolte t\u00eb hapur dhe pantallona t\u00eb gjer\u00eb.<\/p>\n<p>Ajo dukej e mahnitshme, teksa natyrisht v\u00ebmendje mor\u00ebn linjat e saj t\u00eb form\u00ebsuara t\u00eb trupit.<\/p>\n<p>P\u00ebrsh\u00ebndetje p\u00ebr t\u00eb gjitha mediat greke q\u00eb kan\u00eb shkruar p\u00ebr mua k\u00ebto dit\u00eb\u201d, ka shkruar Luana n\u00eb mbishkrim.<\/p>\n<p><iframe id=\"instagram-embed-0\" class=\"instagram-media instagram-media-rendered\" src=\"https:\/\/www.instagram.com\/p\/CxJVi4Yo1lW\/embed\/captioned\/?cr=1&amp;v=14&amp;wp=375&amp;rd=https%3A%2F%2Fwww.kosovarja-ks.com&amp;rp=%2Fluana-vjollca-cmend-greket-me-paraqitjen-e-saj%2F#%7B%22ci%22%3A0%2C%22os%22%3A2917%7D\" height=\"1107\" frameborder=\"0\" scrolling=\"no\" allowfullscreen=\"allowfullscreen\" data-instgrm-payload-id=\"instagram-media-payload-0\" data-mce-fragment=\"1\"><\/iframe><\/p>\n","protected":false},"excerpt":{"rendered":"<p>Moderatorja e njohur shqiptare, Luana Vjollca krahas angazhimeve me projekte t\u00eb reja, ver\u00ebn e ka shfryt\u00ebzuar edhe p\u00ebr t\u00eb shijuar disa dit\u00eb pushimesh. Bukuroshja bionde<\/p>\n","protected":false},"author":14,"featured_media":0,"comment_status":"open","ping_status":"open","sticky":false,"template":"","format":"standard","meta":{"footnotes":""},"categories":[49],"tags":[],"class_list":["post-16369","post","type-post","status-publish","format-standard","hentry","category-showbiz"],"_links":{"self":[{"href":"https:\/\/indeks.bilten.mk\/index.php?rest_route=\/wp\/v2\/posts\/16369","targetHints":{"allow":["GET"]}}],"collection":[{"href":"https:\/\/indeks.bilten.mk\/index.php?rest_route=\/wp\/v2\/posts"}],"about":[{"href":"https:\/\/indeks.bilten.mk\/index.php?rest_route=\/wp\/v2\/types\/post"}],"author":[{"embeddable":true,"href":"https:\/\/indeks.bilten.mk\/index.php?rest_route=\/wp\/v2\/users\/14"}],"replies":[{"embeddable":true,"href":"https:\/\/indeks.bilten.mk\/index.php?rest_route=%2Fwp%2Fv2%2Fcomments&post=16369"}],"version-history":[{"count":0,"href":"https:\/\/indeks.bilten.mk\/index.php?rest_route=\/wp\/v2\/posts\/16369\/revisions"}],"wp:attachment":[{"href":"https:\/\/indeks.bilten.mk\/index.php?rest_route=%2Fwp%2Fv2%2Fmedia&parent=16369"}],"wp:term":[{"taxonomy":"category","embeddable":true,"href":"https:\/\/indeks.bilten.mk\/index.php?rest_route=%2Fwp%2Fv2%2Fcategories&post=16369"},{"taxonomy":"post_tag","embeddable":true,"href":"https:\/\/indeks.bilten.mk\/index.php?rest_route=%2Fwp%2Fv2%2Ftags&post=16369"}],"curies":[{"name":"wp","href":"https:\/\/api.w.org\/{rel}","templated":true}]}}