{"id":16371,"date":"2023-09-14T14:44:01","date_gmt":"2023-09-14T12:44:01","guid":{"rendered":"https:\/\/indeks.mk\/?p=16371"},"modified":"2023-09-14T14:44:01","modified_gmt":"2023-09-14T12:44:01","slug":"mediumi-rumun-uefa-hap-hetimet-ndaj-rumanise-pas-skandalit-ne-ndeshje-me-kosoven-gjashte-akuza-perfshire-edhe-racizmin","status":"publish","type":"post","link":"https:\/\/indeks.bilten.mk\/?p=16371","title":{"rendered":"Mediumi rumun: UEFA hap hetimet ndaj Rumanis\u00eb pas skandalit n\u00eb ndeshje me Kosov\u00ebn \u2013 gjasht\u00eb akuza, p\u00ebrfshir\u00eb edhe racizmin"},"content":{"rendered":"<div class=\"related-to-article\">\n<div>\n<p><strong>Sot (e enjte), dy dit\u00eb pas ndeshjes mes Rumanis\u00eb dhe Kosov\u00ebs t\u00eb fituar nga vendasit me rezultat 2-0, Komisioni Disiplinor i UEFA-s ka nisur hetimet p\u00ebr pankart\u00ebn dhe thirrjet \u201cKosova \u00ebsht\u00eb Serbi\u201d, por edhe p\u00ebr \u201cBessarabia e Rumanis\u00eb\u201d, p\u00ebr shkak t\u00eb s\u00eb cil\u00ebs mysafir\u00ebt u larguan nga fusha dhe loja u nd\u00ebrpre p\u00ebr 50 minuta.<\/strong><\/p>\n<p>T\u00eb mart\u00ebn mbr\u00ebma, ndeshja kualifikuese p\u00ebr Euro 2024 n\u00eb \u201cArena Nationale\u201d u nd\u00ebrpre n\u00eb mes t\u00eb pjes\u00ebs s\u00eb par\u00eb pasi lojtar\u00ebt e Kosov\u00ebs dol\u00ebn nga fusha p\u00ebr shkak t\u00eb pankart\u00ebs dhe thirrjeve \u201cKosova \u00ebsht\u00eb Serbi\u201d.<\/p>\n<p>Pas 50 minutash nd\u00ebrprerje, ndeshja rifilloi, por dukej qart\u00eb se ky skandal do t\u00eb kishte pasoja k\u00ebt\u00eb vjesht\u00eb.<\/p>\n<\/div>\n<div class=\"related-article-i\">Hetimi i UEFA-s ishte i pashmangsh\u00ebm pasi gjyqtari francez \u00cbilly Delajod dhe delegati i UEFA-s, anglezi Andre\u00eb Sha\u00eb, paraqit\u00ebn raportin dhe rumun\u00ebt nuk i shpejtojn\u00eb asaj q\u00eb kishin frik\u00eb.<\/div>\n<\/div>\n<p>Sipas mediumit t\u00eb njohur rumun\u00a0<a href=\"https:\/\/www.gsp.ro\/fotbal\/nationala\/uefa-a-deschis-ancheta-impotriva-noastra-in-cazul-kosovo-711250.html\" target=\"_blank\" rel=\"noopener\"><em>Gsp.ro<\/em><\/a>, Komisioni Disiplinor i UEFA-s ka nisur hetimet dhe Rumania pritet t\u00eb p\u00ebrballet me gjasht\u00eb akuza nga UEFA.<\/p>\n<figure id=\"attachment_3793936\" class=\"wp-caption alignnone\" aria-describedby=\"caption-attachment-3793936\"><img loading=\"lazy\" decoding=\"async\" class=\"wp-image-3793936 size-full\" src=\"https:\/\/telegrafi.com\/wp-content\/uploads\/2023\/09\/Kosova-vs-Rumania-1-1.jpg\" alt=\"\" width=\"1401\" height=\"865\" \/><figcaption id=\"caption-attachment-3793936\" class=\"wp-caption-text\"><em><strong>Pankarta e tifoz\u00ebve rumun<\/strong><\/em><\/figcaption><\/figure>\n<p><strong>6 akuzat ndaj UEFA-s<\/strong><\/p>\n<p>Sipas\u00a0<em>Gsp.ro<\/em>, sot (e enjte), dy dit\u00eb pas takimit t\u00eb fituar 2-0 nga \u201ctrikolor\u00ebt\u201d, Komisioni Disiplinor me baz\u00eb n\u00eb Nyon nisi hetimet p\u00ebr rastin e Kosov\u00ebs. Sipas burimeve t\u00eb Gazet\u00ebs pran\u00eb UEFA-s, n\u00eb hetim do t\u00eb analizohen gjasht\u00eb akuza:<\/p>\n<p><em>1.Mesazhe provokuese me karakter fyes (pankarta t\u00eb paligjshme, jo vet\u00ebm \u201cKosova \u00ebsht\u00eb Serbi\u201d, por edhe \u201cBessarabia \u00ebsht\u00eb Rumani\u201d)<\/em><\/p>\n<p><em>2.Mesazhe provokuese t\u00eb karakterit fyes (thirrje t\u00eb paligjshme)<\/em><\/p>\n<p><em>3.Sjellje raciste<\/em><\/p>\n<p><em>4.Ndezja e fishekzjarr\u00ebve<\/em><\/p>\n<p><em>5.Hedhja e objekteve n\u00eb fush\u00eb<\/em><\/p>\n<p><em>6.Bllokimi i zonave t\u00eb aksesit publik<\/em><\/p>\n<p><em>\/<strong>Telegrafi<\/strong>\/<\/em><\/p>\n<div class=\"code-block code-block-46 code-block-instream-fundposti\">\n<div class=\"cnx-ad-container cnx-full-height \"><\/div>\n<\/div>\n","protected":false},"excerpt":{"rendered":"<p>Sot (e enjte), dy dit\u00eb pas ndeshjes mes Rumanis\u00eb dhe Kosov\u00ebs t\u00eb fituar nga vendasit me rezultat 2-0, Komisioni Disiplinor i UEFA-s ka nisur hetimet<\/p>\n","protected":false},"author":14,"featured_media":16372,"comment_status":"open","ping_status":"open","sticky":false,"template":"","format":"standard","meta":{"footnotes":""},"categories":[48],"tags":[],"class_list":["post-16371","post","type-post","status-publish","format-standard","has-post-thumbnail","hentry","category-sport"],"_links":{"self":[{"href":"https:\/\/indeks.bilten.mk\/index.php?rest_route=\/wp\/v2\/posts\/16371","targetHints":{"allow":["GET"]}}],"collection":[{"href":"https:\/\/indeks.bilten.mk\/index.php?rest_route=\/wp\/v2\/posts"}],"about":[{"href":"https:\/\/indeks.bilten.mk\/index.php?rest_route=\/wp\/v2\/types\/post"}],"author":[{"embeddable":true,"href":"https:\/\/indeks.bilten.mk\/index.php?rest_route=\/wp\/v2\/users\/14"}],"replies":[{"embeddable":true,"href":"https:\/\/indeks.bilten.mk\/index.php?rest_route=%2Fwp%2Fv2%2Fcomments&post=16371"}],"version-history":[{"count":0,"href":"https:\/\/indeks.bilten.mk\/index.php?rest_route=\/wp\/v2\/posts\/16371\/revisions"}],"wp:featuredmedia":[{"embeddable":true,"href":"https:\/\/indeks.bilten.mk\/index.php?rest_route=\/wp\/v2\/media\/16372"}],"wp:attachment":[{"href":"https:\/\/indeks.bilten.mk\/index.php?rest_route=%2Fwp%2Fv2%2Fmedia&parent=16371"}],"wp:term":[{"taxonomy":"category","embeddable":true,"href":"https:\/\/indeks.bilten.mk\/index.php?rest_route=%2Fwp%2Fv2%2Fcategories&post=16371"},{"taxonomy":"post_tag","embeddable":true,"href":"https:\/\/indeks.bilten.mk\/index.php?rest_route=%2Fwp%2Fv2%2Ftags&post=16371"}],"curies":[{"name":"wp","href":"https:\/\/api.w.org\/{rel}","templated":true}]}}