{"id":16374,"date":"2023-09-14T15:13:06","date_gmt":"2023-09-14T13:13:06","guid":{"rendered":"https:\/\/indeks.mk\/?p=16374"},"modified":"2023-09-14T15:13:06","modified_gmt":"2023-09-14T13:13:06","slug":"aro-muric-gjithmone-kenaqesi-te-luash-per-kosoven-do-tua-shpaguajme-besimin","status":"publish","type":"post","link":"https:\/\/indeks.bilten.mk\/?p=16374","title":{"rendered":"Aro Muric: Gjithmon\u00eb k\u00ebnaq\u00ebsi t\u00eb luash p\u00ebr Kosov\u00ebn, do t\u2019ua shpaguajm\u00eb besimin"},"content":{"rendered":"<p><strong>Portieri i P\u00ebrfaq\u00ebsueses s\u00eb Kosov\u00ebs, Arijanet Muric ka reaguar me an\u00eb t\u00eb postimi n\u00eb rrjetet sociale, pas kritikave t\u00eb shumta t\u00eb ekipit pas humbjes s\u00eb Kosov\u00ebs nga Rumania.<\/strong><\/p>\n<p>Kosova u mposht 2-0 nga Rumania n\u00eb \u201cArena Nationale\u201d n\u00eb kuad\u00ebr t\u00eb Grupit I p\u00ebr eliminatoret e Euro 2024.<\/p>\n<p>Megjithat\u00eb, pati shum\u00eb tensione dhe nd\u00ebrprerje p\u00ebr gati nj\u00eb or\u00eb shkaku i banerit t\u00eb shfaqur nga tifoz\u00ebt rumun, ku shkruante \u201cKosova \u00ebsht\u00eb Serbi\u201d.<\/p>\n<p>P\u00ebrve\u00e7 k\u00ebsaj, lojtar\u00ebt e Kosov\u00ebs u kritikuan shum\u00eb pas humbjes, por portieri Muric, i cili ishte nga t\u00eb pakt\u00ebt q\u00eb u l\u00ebvdua, ka reaguar n\u00eb profilin privat n\u00eb Instagram, duke th\u00ebn\u00eb se \u00ebsht\u00eb gjithmon\u00eb k\u00ebnaq\u00ebsi t\u00eb luash p\u00ebr Kosov\u00ebn.<\/p>\n<p>Ai shtoi se ekipi m\u00ebson vazhdimisht dhe do t\u00eb rikthehet edhe m\u00eb i fort\u00eb, p\u00ebr t\u2019ua shpaguar t\u00eb gjith\u00ebve besimin.<\/p>\n<p>\u201cGjithmon\u00eb k\u00ebnaq\u00ebsi p\u00ebr t\u00eb luajtur p\u00ebr k\u00ebt\u00eb vend, Faleminderit p\u00ebr mb\u00ebshtetjen, t\u00eb gjith\u00eb ishit t\u00eb mrekulluesh\u00ebm\u201d, ka shkruar fillimisht Muric n\u00eb profilin e tij.<\/p>\n<div class=\"related-to-article\">\n<div class=\"related-article-i\">\n<div class=\"clearfix\">\u201cNe p\u00ebrqendrohemi te futbolli, edhe n\u00ebse \u00ebsht\u00eb i v\u00ebshtir\u00eb n\u00eb rrethana si dje! Ecja p\u00ebrpara, gjith\u00e7ka n\u00eb t\u00eb cil\u00ebn mund t\u00eb fokusohemi \u00ebsht\u00eb t\u00eb edukojm\u00eb brezin e ardhsh\u00ebm dhe t\u2019i l\u00ebm\u00eb paraqitjet tona n\u00eb fush\u00eb t\u00eb kap\u00ebrcejn\u00eb \u00e7do penges\u00eb!\u201d.<\/div>\n<\/div>\n<\/div>\n<p>\u201cJemi nj\u00eb skuad\u00ebr e re e shk\u00eblqyer, vazhdimisht m\u00ebsojm\u00eb dhe besoj se do t\u00eb rikthehemi m\u00eb t\u00eb fort\u00eb me m\u00eb shum\u00eb zjarr dhe do t\u00eb luftojm\u00eb p\u00ebr t\u2019ua shpaguar t\u00eb gjith\u00eb atyre q\u00eb kan\u00eb besuar tek ne\u201d, p\u00ebrfundon shkrimin e tij portieri i Kosov\u00ebs.\u00a0<strong><em>\/Telegrafi\/<\/em><\/strong><\/p>\n","protected":false},"excerpt":{"rendered":"<p>Portieri i P\u00ebrfaq\u00ebsueses s\u00eb Kosov\u00ebs, Arijanet Muric ka reaguar me an\u00eb t\u00eb postimi n\u00eb rrjetet sociale, pas kritikave t\u00eb shumta t\u00eb ekipit pas humbjes s\u00eb<\/p>\n","protected":false},"author":14,"featured_media":16380,"comment_status":"open","ping_status":"open","sticky":false,"template":"","format":"standard","meta":{"footnotes":""},"categories":[48],"tags":[],"class_list":["post-16374","post","type-post","status-publish","format-standard","has-post-thumbnail","hentry","category-sport"],"_links":{"self":[{"href":"https:\/\/indeks.bilten.mk\/index.php?rest_route=\/wp\/v2\/posts\/16374","targetHints":{"allow":["GET"]}}],"collection":[{"href":"https:\/\/indeks.bilten.mk\/index.php?rest_route=\/wp\/v2\/posts"}],"about":[{"href":"https:\/\/indeks.bilten.mk\/index.php?rest_route=\/wp\/v2\/types\/post"}],"author":[{"embeddable":true,"href":"https:\/\/indeks.bilten.mk\/index.php?rest_route=\/wp\/v2\/users\/14"}],"replies":[{"embeddable":true,"href":"https:\/\/indeks.bilten.mk\/index.php?rest_route=%2Fwp%2Fv2%2Fcomments&post=16374"}],"version-history":[{"count":0,"href":"https:\/\/indeks.bilten.mk\/index.php?rest_route=\/wp\/v2\/posts\/16374\/revisions"}],"wp:featuredmedia":[{"embeddable":true,"href":"https:\/\/indeks.bilten.mk\/index.php?rest_route=\/wp\/v2\/media\/16380"}],"wp:attachment":[{"href":"https:\/\/indeks.bilten.mk\/index.php?rest_route=%2Fwp%2Fv2%2Fmedia&parent=16374"}],"wp:term":[{"taxonomy":"category","embeddable":true,"href":"https:\/\/indeks.bilten.mk\/index.php?rest_route=%2Fwp%2Fv2%2Fcategories&post=16374"},{"taxonomy":"post_tag","embeddable":true,"href":"https:\/\/indeks.bilten.mk\/index.php?rest_route=%2Fwp%2Fv2%2Ftags&post=16374"}],"curies":[{"name":"wp","href":"https:\/\/api.w.org\/{rel}","templated":true}]}}