{"id":16387,"date":"2023-09-14T15:17:41","date_gmt":"2023-09-14T13:17:41","guid":{"rendered":"https:\/\/indeks.mk\/?p=16387"},"modified":"2023-09-14T15:17:41","modified_gmt":"2023-09-14T13:17:41","slug":"ky-shtet-ndalon-shitjet-e-iphone-12-per-shkak-te-niveleve-te-rrezatimit","status":"publish","type":"post","link":"https:\/\/indeks.bilten.mk\/?p=16387","title":{"rendered":"Ky shtet ndalon shitjet e iPhone 12 p\u00ebr shkak t\u00eb niveleve t\u00eb rrezatimit"},"content":{"rendered":"<p>Apple duhet t\u00eb ndaloj\u00eb shitjen e modelit iPhone 12 n\u00eb Franc\u00eb p\u00ebr shkak t\u00eb niveleve t\u00eb rrezatimit q\u00eb jan\u00eb mbi pragun e lejuar, tha ministri francez p\u00ebr Ekonomin\u00eb Dixhitale, Jean-Noel Barot.<\/p>\n<p>Mbik\u00ebqyrja franceze ANFR ka informuar Apple p\u00ebr vendimin e saj p\u00ebr t\u00eb ndaluar shitjen e iPhone 12 pas testeve t\u00eb kryera.<\/p>\n<p>Testet treguan se shkalla specifike e p\u00ebrthithjes (SAR) e telefonit inteligjent \u00ebsht\u00eb pak m\u00eb e lart\u00eb se e lejuar me ligj, tha ministri.<\/p>\n<p>Reuters i k\u00ebrkoi Apple koment p\u00ebr vendimin, por nuk mori p\u00ebrgjigje.<\/p>\n<p>Barro pretendon se nj\u00eb p\u00ebrdit\u00ebsim i softuerit do t\u00eb mjaftonte p\u00ebr t\u00eb zgjidhur problemin e rrezatimit, t\u00eb cilin kompania amerikane e shet q\u00eb nga viti 2020.<\/p>\n<p>\u201cApple pritet t\u00eb p\u00ebrgjigjet brenda dy jav\u00ebsh. N\u00ebse nuk e b\u00ebjn\u00eb, un\u00eb jam gati t\u00eb urdh\u00ebroj nj\u00eb t\u00ebrheqje t\u00eb t\u00eb gjith\u00eb iPhone 12 n\u00eb qarkullim. Rregulli \u00ebsht\u00eb i nj\u00ebjt\u00eb p\u00ebr t\u00eb gjith\u00eb, duke p\u00ebrfshir\u00eb gjigant\u00ebt dixhital\u00eb,\u201d shtoi ai.<\/p>\n<p>Bashkimi Evropian ka vendosur kufijt\u00eb e siguris\u00eb p\u00ebr vlerat SAR t\u00eb lidhura me ekspozimin ndaj telefonave celular\u00eb.<\/p>\n<p>Mbik\u00ebqyr\u00ebsi francez tani do t\u2019ua p\u00ebrcjell\u00eb gjetjet e tij rregullator\u00ebve n\u00eb shtetet e tjera an\u00ebtare t\u00eb BE-s\u00eb.<\/p>\n<p>N\u00eb vitin 2020, Franca zgjeroi rregulloret q\u00eb u k\u00ebrkonin shit\u00ebsve me pakic\u00eb t\u00eb shfaqin vler\u00ebn e rrezatimit t\u00eb produktit n\u00eb paketim<\/p>\n","protected":false},"excerpt":{"rendered":"<p>Apple duhet t\u00eb ndaloj\u00eb shitjen e modelit iPhone 12 n\u00eb Franc\u00eb p\u00ebr shkak t\u00eb niveleve t\u00eb rrezatimit q\u00eb jan\u00eb mbi pragun e lejuar, tha ministri<\/p>\n","protected":false},"author":14,"featured_media":16389,"comment_status":"open","ping_status":"open","sticky":false,"template":"","format":"standard","meta":{"footnotes":""},"categories":[54,53],"tags":[],"class_list":["post-16387","post","type-post","status-publish","format-standard","has-post-thumbnail","hentry","category-indeks","category-teknologji"],"_links":{"self":[{"href":"https:\/\/indeks.bilten.mk\/index.php?rest_route=\/wp\/v2\/posts\/16387","targetHints":{"allow":["GET"]}}],"collection":[{"href":"https:\/\/indeks.bilten.mk\/index.php?rest_route=\/wp\/v2\/posts"}],"about":[{"href":"https:\/\/indeks.bilten.mk\/index.php?rest_route=\/wp\/v2\/types\/post"}],"author":[{"embeddable":true,"href":"https:\/\/indeks.bilten.mk\/index.php?rest_route=\/wp\/v2\/users\/14"}],"replies":[{"embeddable":true,"href":"https:\/\/indeks.bilten.mk\/index.php?rest_route=%2Fwp%2Fv2%2Fcomments&post=16387"}],"version-history":[{"count":0,"href":"https:\/\/indeks.bilten.mk\/index.php?rest_route=\/wp\/v2\/posts\/16387\/revisions"}],"wp:featuredmedia":[{"embeddable":true,"href":"https:\/\/indeks.bilten.mk\/index.php?rest_route=\/wp\/v2\/media\/16389"}],"wp:attachment":[{"href":"https:\/\/indeks.bilten.mk\/index.php?rest_route=%2Fwp%2Fv2%2Fmedia&parent=16387"}],"wp:term":[{"taxonomy":"category","embeddable":true,"href":"https:\/\/indeks.bilten.mk\/index.php?rest_route=%2Fwp%2Fv2%2Fcategories&post=16387"},{"taxonomy":"post_tag","embeddable":true,"href":"https:\/\/indeks.bilten.mk\/index.php?rest_route=%2Fwp%2Fv2%2Ftags&post=16387"}],"curies":[{"name":"wp","href":"https:\/\/api.w.org\/{rel}","templated":true}]}}