{"id":16391,"date":"2023-09-14T15:20:43","date_gmt":"2023-09-14T13:20:43","guid":{"rendered":"https:\/\/indeks.mk\/?p=16391"},"modified":"2023-09-14T15:20:43","modified_gmt":"2023-09-14T13:20:43","slug":"politikani-ne-serbi-sperkatet-me-benzine-dhe-i-ve-flaken-vetes-para-stacionit-te-policise","status":"publish","type":"post","link":"https:\/\/indeks.bilten.mk\/?p=16391","title":{"rendered":"Politikani n\u00eb Serbi sp\u00ebrkatet me benzin\u00eb dhe i v\u00eb flak\u00ebn vetes para stacionit t\u00eb policis\u00eb"},"content":{"rendered":"<p>K\u00ebshilltari i opozit\u00ebs n\u00eb Kuvendin e Topoles n\u00eb Serbi, D. M. (53), ka sp\u00ebrkatur benzin\u00eb \u200b\u200bmbi vete dhe i ka v\u00ebn\u00eb flak\u00ebn vetes para komisariatit mbr\u00ebm\u00eb von\u00eb.<\/p>\n<p>Ai u ndihmua shpejt dhe mbijetoi, megjithat\u00eb, n\u00eb gjendje t\u00eb r\u00ebnd\u00eb sh\u00ebndet\u00ebsore me djegie t\u00eb rrezikshme p\u00ebr jet\u00ebn, transmeton Telegrafi.<\/p>\n<p>Dje \u00ebsht\u00eb mbajtur seanca e kuvendit komunal dhe n\u00eb or\u00ebt e vona t\u00eb mbr\u00ebmjes, ky k\u00ebshilltar ka dal\u00eb para stacionit policor ku i ka v\u00ebn\u00eb flak\u00ebn vetes.<\/p>\n<p>Dyshohet se fillimisht ka q\u00ebndruar aty pran\u00eb p\u00ebr disa or\u00eb dhe m\u00eb pas ka vendosur p\u00ebr k\u00ebt\u00eb akt.<\/p>\n<p>Oficer\u00ebt e policis\u00eb i kan\u00eb ardhur n\u00eb ndihm\u00eb duke ia shuar zjarrin. Ekipet e emergjenc\u00ebs kan\u00eb mb\u00ebrritur menj\u00ebher\u00eb n\u00eb vendin e ngjarjes dhe kan\u00eb transportuar burrin me djegie t\u00eb r\u00ebnda n\u00eb Qendr\u00ebn Klinike n\u00eb Kragujevc.<\/p>\n<div class=\"ai-viewport-1\" data-insertion-position=\"prepend\" data-selector=\".ai-insert-1-49766777\" data-insertion-no-dbg=\"\" data-code=\"PGRpdiBjbGFzcz0nY29kZS1ibG9jayBjb2RlLWJsb2NrLTEgY29kZS1ibG9jay1pbmFydGljbGUtZGVza3RvcCcgc3R5bGU9J21hcmdpbjogOHB4IGF1dG87IHRleHQtYWxpZ246IGNlbnRlcjsgZGlzcGxheTogYmxvY2s7IGNsZWFyOiBib3RoOyB3aWR0aDogMzAwcHg7IGhlaWdodDogNDIwcHg7IGJhY2tncm91bmQtY29sb3I6ICNmZmZmZmY7Jz4KPGRpdiBzdHlsZT0icG9zaXRpb246IHN0aWNreTsgdG9wOiAxNXB4OyI+CjxkaXYgY2xhc3M9ImNvZGUtYmxvY2stbGFiZWwiPlJla2xhbWE8L2Rpdj4KPGRpdiBkYXRhLWFkLXVuaXQtaWQ9Ii8yMjY0NjY1NzExOC9Jbi1hcnRpY2xlX2JveF8yIj48L2Rpdj4KPC9kaXY+CjxkaXYgc3R5bGU9IiBoZWlnaHQ6IDM5MHB4OyI+PC9kaXY+CjwvZGl2Pgo=\" data-block=\"1\">\n<div class=\"code-block code-block-1 code-block-inarticle-desktop\">\n<div>Nj\u00eb polic gjithashtu ka l\u00ebnduar leht\u00eb krahun teksa po p\u00ebrpiqej t\u00eb shp\u00ebtonte burrin q\u00eb digjej.<\/div>\n<\/div>\n<\/div>\n<p>Pacienti \u00ebsht\u00eb mbajtur p\u00ebr trajtim n\u00eb Qendr\u00ebn Klinike n\u00eb Kragujevc, ku ndodhet n\u00eb repartin e kujdesit intensiv.<\/p>\n<p>P\u00ebr rastin \u00ebsht\u00eb njoftuar edhe Prokuroria Themelore n\u00eb Arangjelovac, nd\u00ebrsa policia zyrtarisht nuk ka b\u00ebr\u00eb t\u00eb ditur n\u00ebse e din\u00eb shkakun e vet\u00ebdjegjes s\u00eb k\u00ebshilltarit 53-vje\u00e7ar. \/Telegrafi\/<\/p>\n<p>&nbsp;<\/p>\n<div class=\"code-block code-block-46 code-block-instream-fundposti\"><\/div>\n","protected":false},"excerpt":{"rendered":"<p>K\u00ebshilltari i opozit\u00ebs n\u00eb Kuvendin e Topoles n\u00eb Serbi, D. M. (53), ka sp\u00ebrkatur benzin\u00eb \u200b\u200bmbi vete dhe i ka v\u00ebn\u00eb flak\u00ebn vetes para komisariatit<\/p>\n","protected":false},"author":14,"featured_media":16392,"comment_status":"open","ping_status":"open","sticky":false,"template":"","format":"standard","meta":{"footnotes":""},"categories":[45],"tags":[],"class_list":["post-16391","post","type-post","status-publish","format-standard","has-post-thumbnail","hentry","category-rajoni"],"_links":{"self":[{"href":"https:\/\/indeks.bilten.mk\/index.php?rest_route=\/wp\/v2\/posts\/16391","targetHints":{"allow":["GET"]}}],"collection":[{"href":"https:\/\/indeks.bilten.mk\/index.php?rest_route=\/wp\/v2\/posts"}],"about":[{"href":"https:\/\/indeks.bilten.mk\/index.php?rest_route=\/wp\/v2\/types\/post"}],"author":[{"embeddable":true,"href":"https:\/\/indeks.bilten.mk\/index.php?rest_route=\/wp\/v2\/users\/14"}],"replies":[{"embeddable":true,"href":"https:\/\/indeks.bilten.mk\/index.php?rest_route=%2Fwp%2Fv2%2Fcomments&post=16391"}],"version-history":[{"count":0,"href":"https:\/\/indeks.bilten.mk\/index.php?rest_route=\/wp\/v2\/posts\/16391\/revisions"}],"wp:featuredmedia":[{"embeddable":true,"href":"https:\/\/indeks.bilten.mk\/index.php?rest_route=\/wp\/v2\/media\/16392"}],"wp:attachment":[{"href":"https:\/\/indeks.bilten.mk\/index.php?rest_route=%2Fwp%2Fv2%2Fmedia&parent=16391"}],"wp:term":[{"taxonomy":"category","embeddable":true,"href":"https:\/\/indeks.bilten.mk\/index.php?rest_route=%2Fwp%2Fv2%2Fcategories&post=16391"},{"taxonomy":"post_tag","embeddable":true,"href":"https:\/\/indeks.bilten.mk\/index.php?rest_route=%2Fwp%2Fv2%2Ftags&post=16391"}],"curies":[{"name":"wp","href":"https:\/\/api.w.org\/{rel}","templated":true}]}}