{"id":16394,"date":"2023-09-14T15:23:42","date_gmt":"2023-09-14T13:23:42","guid":{"rendered":"https:\/\/indeks.mk\/?p=16394"},"modified":"2023-09-14T15:23:42","modified_gmt":"2023-09-14T13:23:42","slug":"mesazhi-i-vin-diesel-per-paul-walker-10-vjet-pas-vdekjes-se-tij","status":"publish","type":"post","link":"https:\/\/indeks.bilten.mk\/?p=16394","title":{"rendered":"Mesazhi i Vin Diesel p\u00ebr Paul Walker 10 vjet pas vdekjes s\u00eb tij"},"content":{"rendered":"<p><strong>Dje do t\u00eb ishte dit\u00eblindja e Paul Walker dhe miku i tij si v\u00eblla, Vin Diesel u sigurua t\u00eb b\u00ebnte nj\u00eb postim p\u00ebr t\u00eb nderuar kujtimin e tij. Aktori u nda nga jeta n\u00eb vitin 2013 pas nj\u00eb aksidenti automobilistik. Miku i tij i mir\u00eb dhe kumbari i vajz\u00ebs s\u00eb tij, Vin Diesel nuk e harron kurr\u00eb dhe sot e k\u00ebsaj dite, ai kujdeset t\u2019i dedikoj\u00eb postimet e tij apo t\u00eb ndaj\u00eb kujtimet q\u00eb ka p\u00ebr t\u00eb me publikun e tij.<\/strong><\/p>\n<p>Me rastin e dit\u00ebs s\u00eb djeshme, kur po t\u00eb ishte gjall\u00eb do t\u00eb kishte festuar 50 vjetorin e lindjes, Vin Diesel ka b\u00ebr\u00eb nj\u00eb postim p\u00ebr t\u00eb n\u00eb llogarin\u00eb personale n\u00eb Instagram.<\/p>\n<p>N\u00eb ve\u00e7anti, ai ka publikuar nj\u00eb foto t\u00eb tyre s\u00eb bashku, e cila tregon se \u00ebsht\u00eb b\u00ebr\u00eb n\u00eb dit\u00eblindjen e 40-t\u00eb t\u00eb Paul Walker.<\/p>\n<p>\u201cNj\u00eb dekad\u00eb\u2026 dhjet\u00eb vite t\u00eb gjata\u2026 e megjithat\u00eb ndihet si dje kur t\u00eb k\u00ebndonim urime dit\u00eblindjen p\u00ebr t\u00eb 40 e m\u00ebdha! Bota nuk \u00ebsht\u00eb e nj\u00ebjt\u00eb v\u00eblla\u2026 si specie, dikush mund t\u00eb thot\u00eb se po luftojm\u00eb. Por un\u00eb mendoj p\u00ebr ty dhe buz\u00ebqesh dhe e di se gjith\u00e7ka do t\u00eb jet\u00eb mir\u00eb.<\/p>\n<p>Isha duke kaluar n\u00ebp\u00ebr foto p\u00ebr t\u00eb festuar k\u00ebt\u00eb dit\u00eb t\u00eb shenjt\u00eb. Kujtimet vijn\u00eb para syve t\u00eb mi, nj\u00ebra m\u00eb e mir\u00eb se tjetra\u2026 por k\u00ebt\u00eb nuk mund ta kaloja k\u00ebt\u00eb. Qesharak, engj\u00eblli i vog\u00ebl hyri n\u00eb zyr\u00eb dhe m\u00eb shikoi mbi supet e mija. \u201cKjo \u00ebsht\u00eb nj\u00eb foto kaq e p\u00ebrjetshme, babi\u2026 nj\u00eb foto q\u00eb do t\u00eb jetoj\u00eb p\u00ebr brezat e njer\u00ebzimit\u2026\u201d<\/p>\n<p>Sigurisht q\u00eb nuk u ktheva mbrapsht, haha nuk ka nevoj\u00eb q\u00eb f\u00ebmija t\u00eb shoh\u00eb syt\u00eb e babit t\u00eb tij t\u00eb lodhur. Teksa largohet thot\u00eb: \u201cPrandaj dua t\u00eb nd\u00ebrtoj makina p\u00ebr t\u00eb\u201d.Ai as q\u00eb kishte lindur ende. Do t\u00eb ishin shtat\u00eb muaj m\u00eb von\u00eb kur do ti thoje ekuipazhit dhe produksionit t\u00eb Fast, \u201cVins duhet t\u00eb shkoj\u00eb n\u00eb Nju Jork p\u00ebr t\u00eb pritur djalin e tij\u201d. Ti e kishe at\u00eb aft\u00ebsi p\u00ebr ti rifokusuar t\u00eb gjith\u00eb duke p\u00ebrfshir\u00eb nj\u00eb produksion t\u00eb t\u00ebr\u00eb n\u00eb gj\u00ebrat e r\u00ebnd\u00ebsishme n\u00eb jet\u00eb.<\/p>\n<p>P\u00ebr mua kjo foto p\u00ebrfaq\u00ebson momentin kur e dija se do t\u00eb ishim v\u00ebllez\u00ebr n\u00eb p\u00ebrjet\u00ebsi. Janar 2010, nj\u00eb nat\u00eb para se ti dhe un\u00eb shkuam n\u00eb Haiti\u2026 pasionin dhe g\u00ebzimin q\u00eb kishe p\u00ebr t\u00eb ndihmuar thjesht njer\u00ebzit. Ti the se reaguesit e par\u00eb nuk duhet t\u00eb presin p\u00ebr ask\u00ebnd\u2026 dhe se d\u00ebshiroje t\u2019i kushtoje jet\u00ebn t\u00ebnde k\u00ebsaj. Edhe sot e k\u00ebsaj dite, un\u00eb imagjinoj n\u00ebse do t\u00eb shkruanit \u201cp\u00ebrgjigjja e par\u00eb\u201d n\u00eb fjalor, do t\u00eb ishte nj\u00eb foto e jotja. Haha. Pra, aq sa do t\u00eb doja t\u00eb mendoja se do t\u00eb prisnim tort\u00eb dhe do t\u00eb k\u00ebndonim urime dit\u00eblindjen p\u00ebr 50-tat e m\u00ebdhenja! Ne ndoshta nuk do t\u00eb mundnim\u2026 sepse do t\u00eb ishit n\u00eb Maui ose Marok, ose kudo n\u00eb k\u00ebt\u00eb planet ku njer\u00ebzit ishin n\u00eb nevoj\u00eb.<\/p>\n<p>M\u00eb mungon\u2026 t\u00eb dua, dhe do t\u00eb vazhdoj t\u00eb nderoj shpirtin e bukur q\u00eb je.<\/p>\n<p>G\u00ebzuar dit\u00eblindjen\u2026\u201d, ka shkruar Diesel.<\/p>\n","protected":false},"excerpt":{"rendered":"<p>Dje do t\u00eb ishte dit\u00eblindja e Paul Walker dhe miku i tij si v\u00eblla, Vin Diesel u sigurua t\u00eb b\u00ebnte nj\u00eb postim p\u00ebr t\u00eb nderuar<\/p>\n","protected":false},"author":14,"featured_media":16395,"comment_status":"open","ping_status":"open","sticky":false,"template":"","format":"standard","meta":{"footnotes":""},"categories":[49],"tags":[],"class_list":["post-16394","post","type-post","status-publish","format-standard","has-post-thumbnail","hentry","category-showbiz"],"_links":{"self":[{"href":"https:\/\/indeks.bilten.mk\/index.php?rest_route=\/wp\/v2\/posts\/16394","targetHints":{"allow":["GET"]}}],"collection":[{"href":"https:\/\/indeks.bilten.mk\/index.php?rest_route=\/wp\/v2\/posts"}],"about":[{"href":"https:\/\/indeks.bilten.mk\/index.php?rest_route=\/wp\/v2\/types\/post"}],"author":[{"embeddable":true,"href":"https:\/\/indeks.bilten.mk\/index.php?rest_route=\/wp\/v2\/users\/14"}],"replies":[{"embeddable":true,"href":"https:\/\/indeks.bilten.mk\/index.php?rest_route=%2Fwp%2Fv2%2Fcomments&post=16394"}],"version-history":[{"count":0,"href":"https:\/\/indeks.bilten.mk\/index.php?rest_route=\/wp\/v2\/posts\/16394\/revisions"}],"wp:featuredmedia":[{"embeddable":true,"href":"https:\/\/indeks.bilten.mk\/index.php?rest_route=\/wp\/v2\/media\/16395"}],"wp:attachment":[{"href":"https:\/\/indeks.bilten.mk\/index.php?rest_route=%2Fwp%2Fv2%2Fmedia&parent=16394"}],"wp:term":[{"taxonomy":"category","embeddable":true,"href":"https:\/\/indeks.bilten.mk\/index.php?rest_route=%2Fwp%2Fv2%2Fcategories&post=16394"},{"taxonomy":"post_tag","embeddable":true,"href":"https:\/\/indeks.bilten.mk\/index.php?rest_route=%2Fwp%2Fv2%2Ftags&post=16394"}],"curies":[{"name":"wp","href":"https:\/\/api.w.org\/{rel}","templated":true}]}}