{"id":16397,"date":"2023-09-14T21:02:13","date_gmt":"2023-09-14T19:02:13","guid":{"rendered":"https:\/\/indeks.mk\/?p=16397"},"modified":"2023-09-14T21:02:13","modified_gmt":"2023-09-14T19:02:13","slug":"dy-vellezerit-bajoku-adutet-kryesor-te-boksit-te-kosoves-ne-kampionatin-ballkanik","status":"publish","type":"post","link":"https:\/\/indeks.bilten.mk\/?p=16397","title":{"rendered":"Dy v\u00ebllez\u00ebrit Bajoku adut\u00ebt kryesor t\u00eb boksit t\u00eb Kosov\u00ebs n\u00eb Kampionatin Ballkanik"},"content":{"rendered":"<p>Dy v\u00ebllez\u00ebrit t\u00eb KB Gollaku nga Prishtina, Shp\u00ebtim e Bashkim Bajoku, tani e tri dit\u00eb me intensitet t\u00eb lart\u00eb po p\u00ebrgatit\u00ebn me Komb\u00ebtaren e Kosov\u00ebs n\u00eb boks n\u00eb qytetin e Gjilanit, p\u00ebr t\u00eb qen\u00eb sa m\u00eb t\u00eb p\u00ebrgatitur p\u00ebr Kampionatin Ballkanik i cili do t\u00eb mbahet n\u00eb Albena t\u00eb Bullgaris\u00eb me 25 shtator.<\/p>\n<p>K\u00ebta v\u00ebllez\u00ebr jasht\u00eb ringut jan\u00eb mjaft t\u00eb edukuar e t\u00eb shoq\u00ebruesh\u00ebm dhe nuk t\u00eb l\u00ebn\u00eb ndonj\u00eb p\u00ebrshtypje se merren me boks, p\u00ebrpos q\u00eb dallohen me muskujt e tyre ku kan\u00eb forc\u00ebn, shpejt\u00ebsin\u00eb, q\u00ebndrueshm\u00ebrin\u00eb e trim\u00ebrin, nd\u00ebrsa n\u00eb mes litarve jan\u00eb \u201cLuana\u201d p\u00ebr kund\u00ebrshtar\u00ebt e tyre.<\/p>\n<p>Dy v\u00ebllez\u00ebrit Bajoku njiherit jan\u00eb nd\u00ebr boksier\u00ebt m\u00eb t\u00eb mir\u00eb n\u00eb boksin e Kosov\u00ebs, pasi kudo q\u00eb paraqiten n\u00ebp\u00ebr arenat e ndryshme jan\u00eb t\u00eb pa konkurrenc\u00eb, k\u00ebt\u00eb e kan\u00eb d\u00ebshmuar edhe n\u00eb vitin 2021 n\u00eb Zagreb t\u00eb Kroacis\u00eb duke u b\u00ebr\u00eb kampion Ballkanik.<\/p>\n<p>Lidhur me p\u00ebrgatitjet para kampionatit Ballkanik n\u00eb Bullgari, kapiteni dhe nj\u00ebri nd\u00ebr boksier\u00ebt m\u00eb t\u00eb mir\u00eb t\u00eb boksit t\u00eb Kosov\u00ebs, Shp\u00ebtim Bajoku, ka theksuar. \u201c\u00cbsht\u00eb p\u00ebr \u00e7do l\u00ebvdat\u00eb, gjith\u00e7ka po shkon n\u00eb rregull si n\u00eb ushtrimet kondicionale poashtu edhe ato taktike, p\u00ebr k\u00ebt\u00eb ju jemi mir\u00ebnjoh\u00ebs trajner\u00ebve t\u00eb cil\u00ebt po kujdesen p\u00ebr k\u00ebto st\u00ebrvitje, poashtu i gjith\u00eb kampi i boksier\u00ebve po e japin m\u00eb t\u00eb mir\u00ebn e tyre n\u00eb k\u00ebto p\u00ebrgatitje, duke e ditur se n\u00eb Kampionatin Ballkanik \u00ebsht\u00eb nj\u00eb konkurrenc\u00eb jasht\u00ebzakonisht e madhe. Do t\u00eb mundohem dhe do t\u00eb jap gjith\u00e7ka nga vetja q\u00eb t\u00eb mbroj\u00eb k\u00ebt\u00eb titull Ballkanik p\u00ebr ta b\u00ebr\u00eb krenar popullin e shtetin e Kosov\u00ebs n\u00eb aren\u00ebn nd\u00ebrkomb\u00ebtare\u201d, ka theksuar kapiteni i Komb\u00ebtares s\u00eb boksit t\u00eb Kosov\u00ebs, Shp\u00ebtim Bajoku.<\/p>\n<p>\\oashtu, Bashkim Bajoku \u00ebsht\u00eb Kampion Ballkanik i cili bokson n\u00eb kategorin\u00eb 54kg. Bashkimi \u00ebsht\u00eb i k\u00ebnaqur me pun\u00ebn e cila po b\u00ebhet n\u00eb k\u00ebto p\u00ebrgatitje para shkuarjes n\u00eb Bullgari. \u201cT\u00eb jesh n\u00eb mesin e k\u00ebtyre boksier\u00ebve dhe trajner\u00ebve t\u00eb cil\u00ebt nuk po kursejn\u00eb asgj\u00eb p\u00ebr t\u00eb na p\u00ebrgatitur \u00ebsht\u00eb nj\u00eb nder i ve\u00e7ant\u00eb. St\u00ebrvitjet jan\u00eb shum\u00eb t\u00eb mira, poashtu edhe akomodimi ku jemi vendosur nuk na mungon asgj\u00eb, t\u00eb gjith\u00eb jemi nj\u00eb p\u00ebr t\u00eb gjith\u00eb \u2013 t\u00eb gjith\u00eb p\u00ebr nj\u00eb, dhe kjo do t\u00eb jep rezultate n\u00eb Kampionatin Ballkanik. E dim\u00eb se do t\u00eb jet\u00eb v\u00ebshtir\u00eb, por synimi yn\u00eb \u00ebsht\u00eb q\u00eb ta ngrisim boksin e Kosov\u00ebs n\u00eb piedestalin m\u00eb t\u00eb lart\u00eb, sepse nuk ka krenari m\u00eb t\u00eb madhe sesa t\u00eb mbrosh ngjyrat e vendit t\u00ebnd\u201d, thekson talenti i madh i boksit, Bashkim Bajoku.<\/p>\n<p>V\u00ebllez\u00ebrit Shp\u00ebtim e Bashkim Bajoku jan\u00eb krenari e boksit t\u00eb Kosov\u00ebs ku si arm\u00eb t\u00eb fort\u00eb e kan\u00eb dor\u00ebn e majt\u00eb e cila \u00ebsht\u00eb \u201cvrastare\u201d p\u00ebr kund\u00ebrshtar\u00ebt n\u00eb ring.\/rajonipress\/<\/p>\n","protected":false},"excerpt":{"rendered":"<p>Dy v\u00ebllez\u00ebrit t\u00eb KB Gollaku nga Prishtina, Shp\u00ebtim e Bashkim Bajoku, tani e tri dit\u00eb me intensitet t\u00eb lart\u00eb po p\u00ebrgatit\u00ebn me Komb\u00ebtaren e Kosov\u00ebs<\/p>\n","protected":false},"author":14,"featured_media":16398,"comment_status":"open","ping_status":"open","sticky":false,"template":"","format":"standard","meta":{"footnotes":""},"categories":[48],"tags":[],"class_list":["post-16397","post","type-post","status-publish","format-standard","has-post-thumbnail","hentry","category-sport"],"_links":{"self":[{"href":"https:\/\/indeks.bilten.mk\/index.php?rest_route=\/wp\/v2\/posts\/16397","targetHints":{"allow":["GET"]}}],"collection":[{"href":"https:\/\/indeks.bilten.mk\/index.php?rest_route=\/wp\/v2\/posts"}],"about":[{"href":"https:\/\/indeks.bilten.mk\/index.php?rest_route=\/wp\/v2\/types\/post"}],"author":[{"embeddable":true,"href":"https:\/\/indeks.bilten.mk\/index.php?rest_route=\/wp\/v2\/users\/14"}],"replies":[{"embeddable":true,"href":"https:\/\/indeks.bilten.mk\/index.php?rest_route=%2Fwp%2Fv2%2Fcomments&post=16397"}],"version-history":[{"count":0,"href":"https:\/\/indeks.bilten.mk\/index.php?rest_route=\/wp\/v2\/posts\/16397\/revisions"}],"wp:featuredmedia":[{"embeddable":true,"href":"https:\/\/indeks.bilten.mk\/index.php?rest_route=\/wp\/v2\/media\/16398"}],"wp:attachment":[{"href":"https:\/\/indeks.bilten.mk\/index.php?rest_route=%2Fwp%2Fv2%2Fmedia&parent=16397"}],"wp:term":[{"taxonomy":"category","embeddable":true,"href":"https:\/\/indeks.bilten.mk\/index.php?rest_route=%2Fwp%2Fv2%2Fcategories&post=16397"},{"taxonomy":"post_tag","embeddable":true,"href":"https:\/\/indeks.bilten.mk\/index.php?rest_route=%2Fwp%2Fv2%2Ftags&post=16397"}],"curies":[{"name":"wp","href":"https:\/\/api.w.org\/{rel}","templated":true}]}}