{"id":16401,"date":"2023-09-15T08:35:21","date_gmt":"2023-09-15T06:35:21","guid":{"rendered":"https:\/\/indeks.mk\/?p=16401"},"modified":"2023-09-15T08:35:21","modified_gmt":"2023-09-15T06:35:21","slug":"moti-sot-me-diell-dhe-vranesira-lokale-3","status":"publish","type":"post","link":"https:\/\/indeks.bilten.mk\/?p=16401","title":{"rendered":"Moti sot me diell dhe vran\u00ebsira lokale&#8230;"},"content":{"rendered":"<p>Moti sot do t\u00eb jet\u00eb me diell dhe vran\u00ebsira lokale. N\u00eb or\u00ebt e pasdites do t\u00eb kushte p\u00ebr reshje lokale t\u00eb shiut.<\/p>\n<p>N\u00eb vend do t\u00eb fryj\u00eb nj\u00eb er\u00eb e leht\u00eb nga drejtimi veriper\u00ebndimor.<\/p>\n<p>Temperaturat minimale do t\u00eb l\u00ebvizin prej 9 deri 17, nd\u00ebrsa temperaturat maksimale do t\u00eb l\u00ebvizin prej 27 deri 33 grad\u00eb celsius.<\/p>\n<p>Gjat\u00eb fundjav\u00ebs moti do t\u00eb jet\u00eb me vran\u00ebsira dhe periudha diellore.<\/p>\n","protected":false},"excerpt":{"rendered":"<p>Moti sot do t\u00eb jet\u00eb me diell dhe vran\u00ebsira lokale. N\u00eb or\u00ebt e pasdites do t\u00eb kushte p\u00ebr reshje lokale t\u00eb shiut. N\u00eb vend do<\/p>\n","protected":false},"author":14,"featured_media":0,"comment_status":"open","ping_status":"open","sticky":false,"template":"","format":"standard","meta":{"footnotes":""},"categories":[44],"tags":[],"class_list":["post-16401","post","type-post","status-publish","format-standard","hentry","category-maqedoni"],"_links":{"self":[{"href":"https:\/\/indeks.bilten.mk\/index.php?rest_route=\/wp\/v2\/posts\/16401","targetHints":{"allow":["GET"]}}],"collection":[{"href":"https:\/\/indeks.bilten.mk\/index.php?rest_route=\/wp\/v2\/posts"}],"about":[{"href":"https:\/\/indeks.bilten.mk\/index.php?rest_route=\/wp\/v2\/types\/post"}],"author":[{"embeddable":true,"href":"https:\/\/indeks.bilten.mk\/index.php?rest_route=\/wp\/v2\/users\/14"}],"replies":[{"embeddable":true,"href":"https:\/\/indeks.bilten.mk\/index.php?rest_route=%2Fwp%2Fv2%2Fcomments&post=16401"}],"version-history":[{"count":0,"href":"https:\/\/indeks.bilten.mk\/index.php?rest_route=\/wp\/v2\/posts\/16401\/revisions"}],"wp:attachment":[{"href":"https:\/\/indeks.bilten.mk\/index.php?rest_route=%2Fwp%2Fv2%2Fmedia&parent=16401"}],"wp:term":[{"taxonomy":"category","embeddable":true,"href":"https:\/\/indeks.bilten.mk\/index.php?rest_route=%2Fwp%2Fv2%2Fcategories&post=16401"},{"taxonomy":"post_tag","embeddable":true,"href":"https:\/\/indeks.bilten.mk\/index.php?rest_route=%2Fwp%2Fv2%2Ftags&post=16401"}],"curies":[{"name":"wp","href":"https:\/\/api.w.org\/{rel}","templated":true}]}}