{"id":16403,"date":"2023-09-15T09:24:16","date_gmt":"2023-09-15T07:24:16","guid":{"rendered":"https:\/\/indeks.mk\/?p=16403"},"modified":"2023-09-15T09:24:16","modified_gmt":"2023-09-15T07:24:16","slug":"mariciq-besimi-ne-gjyqesor-mund-te-rritet-vetem-me-konfiskim","status":"publish","type":"post","link":"https:\/\/indeks.bilten.mk\/?p=16403","title":{"rendered":"Mari\u00e7iq: Besimi n\u00eb gjyq\u00ebsor mund t\u00eb rritet vet\u00ebm me konfiskim"},"content":{"rendered":"<p>Zv. kryeministri p\u00ebr \u00c7\u00ebshtje Evropiane, Bojan Mari\u00e7iq, thot\u00eb se n\u00eb momentin kur po miratohej Ligji p\u00ebr Prokurorin\u00eb Publike, i cili ishte nj\u00eb nga kushtet n\u00eb dispozitat kalimtare dhe p\u00ebrfundimtare dhe n\u00eb shpjegim, Qeveria si propozuese mori p\u00ebrsip\u00ebr t\u00eb hapet \u00e7\u00ebshtja e Kodit Penal p\u00ebr rritjen e efikasitetit t\u00eb gjykatave dhe rip\u00ebrcaktimin e krimeve sipas shembullit t\u00eb legjislacionit gjerman.<\/p>\n<div class=\"code-block code-block-43 code-block-pas-paragrafit-2t-inarticle\">\n<div>\n<div class=\"code-block-label\">Mari\u00e7iq p\u00ebr \u201cTV24\u201d tha se ky ligj ka p\u00ebr q\u00ebllim rip\u00ebrcaktimin e disa krimeve, normalizimin e d\u00ebnimeve, shkall\u00ebn e d\u00ebnimeve n\u00eb nivel evropian dhe forcimin e mund\u00ebsive p\u00ebr konfiskim t\u00eb zgjeruar.<\/div>\n<\/div>\n<\/div>\n<p>\u201cNe duam q\u00eb kjo t\u00eb b\u00ebhet n\u00eb m\u00ebnyr\u00ebn e duhur. Ne nuk duam t\u00eb amnistojm\u00eb ask\u00ebnd. Kam luftuar q\u00eb rastet e PSP-s\u00eb t\u00eb ken\u00eb p\u00ebrfundime gjyq\u00ebsore. Besimi n\u00eb gjyq\u00ebsor mund t\u00eb rritet vet\u00ebm me konfiskim. Q\u00ebllimi \u00ebsht\u00eb t\u2019u merren parat\u00eb\u201d, shtoi Mari\u00e7iq.<\/p>\n<div class=\"ai-viewport-1\" data-insertion-position=\"prepend\" data-selector=\".ai-insert-1-82554846\" data-insertion-no-dbg=\"\" data-code=\"PGRpdiBjbGFzcz0nY29kZS1ibG9jayBjb2RlLWJsb2NrLTEgY29kZS1ibG9jay1pbmFydGljbGUtZGVza3RvcCcgc3R5bGU9J21hcmdpbjogOHB4IGF1dG87IHRleHQtYWxpZ246IGNlbnRlcjsgZGlzcGxheTogYmxvY2s7IGNsZWFyOiBib3RoOyB3aWR0aDogMzAwcHg7IGhlaWdodDogNDIwcHg7IGJhY2tncm91bmQtY29sb3I6ICNmZmZmZmY7Jz4KPGRpdiBzdHlsZT0icG9zaXRpb246IHN0aWNreTsgdG9wOiAxNXB4OyI+CjxkaXYgY2xhc3M9ImNvZGUtYmxvY2stbGFiZWwiPlJla2xhbWE8L2Rpdj4KPGRpdiBkYXRhLWFkLXVuaXQtaWQ9Ii8yMjY0NjY1NzExOC9Jbi1hcnRpY2xlX2JveF8yIj48L2Rpdj4KPC9kaXY+CjxkaXYgc3R5bGU9IiBoZWlnaHQ6IDM5MHB4OyI+PC9kaXY+CjwvZGl2Pgo=\" data-block=\"1\">\n<div class=\"code-block code-block-1 code-block-inarticle-desktop\">\n<div>\n<div class=\"code-block-label\">Duke folur p\u00ebr ligjin p\u00ebr amnisti t\u00eb propozuar nga ministri i drejt\u00ebsis\u00eb Krenar Loga, Mari\u00e7iq tha se ai nuk \u00ebsht\u00eb miratuar nga Qeveria, ndon\u00ebse \u00ebsht\u00eb vler\u00ebsuar nga kryeministri Kova\u00e7evski.<\/div>\n<\/div>\n<\/div>\n<\/div>\n<p>P\u00ebr rastet e parregullsive zgjedhore dhe \u201c27 Prillit\u201d, z\u00ebvend\u00ebskryeministri tha se k\u00ebto jan\u00eb kualifikime shum\u00eb t\u00eb r\u00ebnda.<\/p>\n<div class=\"code-block code-block-46 code-block-instream-fundposti\"><\/div>\n","protected":false},"excerpt":{"rendered":"<p>Zv. kryeministri p\u00ebr \u00c7\u00ebshtje Evropiane, Bojan Mari\u00e7iq, thot\u00eb se n\u00eb momentin kur po miratohej Ligji p\u00ebr Prokurorin\u00eb Publike, i cili ishte nj\u00eb nga kushtet n\u00eb<\/p>\n","protected":false},"author":14,"featured_media":0,"comment_status":"open","ping_status":"open","sticky":false,"template":"","format":"standard","meta":{"footnotes":""},"categories":[44],"tags":[],"class_list":["post-16403","post","type-post","status-publish","format-standard","hentry","category-maqedoni"],"_links":{"self":[{"href":"https:\/\/indeks.bilten.mk\/index.php?rest_route=\/wp\/v2\/posts\/16403","targetHints":{"allow":["GET"]}}],"collection":[{"href":"https:\/\/indeks.bilten.mk\/index.php?rest_route=\/wp\/v2\/posts"}],"about":[{"href":"https:\/\/indeks.bilten.mk\/index.php?rest_route=\/wp\/v2\/types\/post"}],"author":[{"embeddable":true,"href":"https:\/\/indeks.bilten.mk\/index.php?rest_route=\/wp\/v2\/users\/14"}],"replies":[{"embeddable":true,"href":"https:\/\/indeks.bilten.mk\/index.php?rest_route=%2Fwp%2Fv2%2Fcomments&post=16403"}],"version-history":[{"count":0,"href":"https:\/\/indeks.bilten.mk\/index.php?rest_route=\/wp\/v2\/posts\/16403\/revisions"}],"wp:attachment":[{"href":"https:\/\/indeks.bilten.mk\/index.php?rest_route=%2Fwp%2Fv2%2Fmedia&parent=16403"}],"wp:term":[{"taxonomy":"category","embeddable":true,"href":"https:\/\/indeks.bilten.mk\/index.php?rest_route=%2Fwp%2Fv2%2Fcategories&post=16403"},{"taxonomy":"post_tag","embeddable":true,"href":"https:\/\/indeks.bilten.mk\/index.php?rest_route=%2Fwp%2Fv2%2Ftags&post=16403"}],"curies":[{"name":"wp","href":"https:\/\/api.w.org\/{rel}","templated":true}]}}