{"id":16407,"date":"2023-09-15T09:55:11","date_gmt":"2023-09-15T07:55:11","guid":{"rendered":"https:\/\/indeks.mk\/?p=16407"},"modified":"2023-09-15T09:55:11","modified_gmt":"2023-09-15T07:55:11","slug":"sot-protesta-e-ovl-se-se-uck-se-pas-arrestimeve-e-bastisjeve-te-speciales","status":"publish","type":"post","link":"https:\/\/indeks.bilten.mk\/?p=16407","title":{"rendered":"Sot protesta e OVL-s\u00eb s\u00eb U\u00c7K-s\u00eb pas arrestimeve e bastisjeve t\u00eb Speciales"},"content":{"rendered":"<p>Organizata e Veteran\u00ebve t\u00eb Luft\u00ebs s\u00eb U\u00c7K-s\u00eb, sot do t\u00eb mbaj\u00eb protest\u00eb nga ora 12:00 para zyrave t\u00eb EULEX-it n\u00eb Fush\u00eb Kosov\u00eb.<\/p>\n<p>Sipas ushtruesit t\u00eb detyr\u00ebs s\u00eb OVL-s\u00eb s\u00eb U\u00c7K-s\u00eb, protesta do t\u00eb mbahet p\u00ebr t\u00eb kund\u00ebrshtuar veprimet e fundit t\u00eb Zyr\u00ebs s\u00eb Prokurorit t\u00eb Specializuar n\u00eb Hag\u00eb.<\/p>\n<p>\u201cJeni d\u00ebshmitar\u00eb q\u00eb Zyra e Prokurorit t\u00eb Specializuar n\u00eb Hag\u00eb dhe EULEX-i, jan\u00eb duke i shqet\u00ebsuar familjet e bashk\u00ebluft\u00ebtar\u00ebve tan\u00eb dhe familjet e d\u00ebshmor\u00ebve, duke d\u00ebrguar pa paralajm\u00ebrim njer\u00ebz t\u00eb panjohur e me kapela n\u00eb kok\u00eb, p\u00ebr gjoja intervistime e duke ua konfiskuar edhe telefonat e tyre personal\u201d.<\/p>\n<p>\u201cKjo gj\u00eb k\u00ebshtu, si\u00e7 po b\u00ebjn\u00eb k\u00ebta t\u00eb panjohur p\u00ebr ne, po b\u00ebhet n\u00eb shtetin ton\u00eb sikur dikur n\u00eb koh\u00ebn e pushtuesit, dhe institucionet tona vet\u00ebm po heshtin\u201d, shkroi Klinaku.<\/p>\n<p>Kujtojm\u00eb se dit\u00ebve t\u00eb fundit, me urdh\u00ebr t\u00eb Gjykat\u00ebs Speciale n\u00eb Hag\u00eb, EULEX-i ua ka konfiskuar telefonat ish-komandantit n\u00eb Zon\u00ebn Operative t\u00eb Llapit, Rrustem Mustaf\u00ebs \u2013 Remit, ish t\u00eb burgosurit politik, Nait Hasanit, Arben Mustaf\u00ebs, v\u00ebllait t\u00eb ish-komandat Salih Mustaf\u00ebs \u2013 Calit.<\/p>\n<p>Nd\u00ebrsa, p\u00ebrve\u00e7 v\u00ebllait t\u00eb \u201cCalit\u201d, nj\u00ebsitet e EULEX-it dje kryen nj\u00eb bastisje edhe n\u00eb sht\u00ebpin\u00eb e Behar Berish\u00ebs, ish-pjes\u00ebtarit t\u00eb U\u00c7K-s\u00eb i cili ishte bashk\u00ebluft\u00ebtar i Salih Mustaf\u00ebs.<\/p>\n","protected":false},"excerpt":{"rendered":"<p>Organizata e Veteran\u00ebve t\u00eb Luft\u00ebs s\u00eb U\u00c7K-s\u00eb, sot do t\u00eb mbaj\u00eb protest\u00eb nga ora 12:00 para zyrave t\u00eb EULEX-it n\u00eb Fush\u00eb Kosov\u00eb. Sipas ushtruesit t\u00eb<\/p>\n","protected":false},"author":14,"featured_media":0,"comment_status":"open","ping_status":"open","sticky":false,"template":"","format":"standard","meta":{"footnotes":""},"categories":[45],"tags":[],"class_list":["post-16407","post","type-post","status-publish","format-standard","hentry","category-rajoni"],"_links":{"self":[{"href":"https:\/\/indeks.bilten.mk\/index.php?rest_route=\/wp\/v2\/posts\/16407","targetHints":{"allow":["GET"]}}],"collection":[{"href":"https:\/\/indeks.bilten.mk\/index.php?rest_route=\/wp\/v2\/posts"}],"about":[{"href":"https:\/\/indeks.bilten.mk\/index.php?rest_route=\/wp\/v2\/types\/post"}],"author":[{"embeddable":true,"href":"https:\/\/indeks.bilten.mk\/index.php?rest_route=\/wp\/v2\/users\/14"}],"replies":[{"embeddable":true,"href":"https:\/\/indeks.bilten.mk\/index.php?rest_route=%2Fwp%2Fv2%2Fcomments&post=16407"}],"version-history":[{"count":0,"href":"https:\/\/indeks.bilten.mk\/index.php?rest_route=\/wp\/v2\/posts\/16407\/revisions"}],"wp:attachment":[{"href":"https:\/\/indeks.bilten.mk\/index.php?rest_route=%2Fwp%2Fv2%2Fmedia&parent=16407"}],"wp:term":[{"taxonomy":"category","embeddable":true,"href":"https:\/\/indeks.bilten.mk\/index.php?rest_route=%2Fwp%2Fv2%2Fcategories&post=16407"},{"taxonomy":"post_tag","embeddable":true,"href":"https:\/\/indeks.bilten.mk\/index.php?rest_route=%2Fwp%2Fv2%2Ftags&post=16407"}],"curies":[{"name":"wp","href":"https:\/\/api.w.org\/{rel}","templated":true}]}}