{"id":16409,"date":"2023-09-15T10:37:49","date_gmt":"2023-09-15T08:37:49","guid":{"rendered":"https:\/\/indeks.mk\/?p=16409"},"modified":"2023-09-15T10:39:59","modified_gmt":"2023-09-15T08:39:59","slug":"bekteshi-nga-java-e-ardhshme-do-te-kete-ngrirje-dhe-monitorim-te-vazhdueshem-te-cmimeve","status":"publish","type":"post","link":"https:\/\/indeks.bilten.mk\/?p=16409","title":{"rendered":"Bekteshi: Nga java e ardhshme do t\u00eb ket\u00eb ngrirje dhe monitorim t\u00eb vazhduesh\u00ebm t\u00eb \u00e7mimeve"},"content":{"rendered":"<p>Nga ministria e Ekonomis\u00eb, ministri Kreshnik Bekteshi njoftoi se \u00ebsht\u00eb marr\u00eb vendimi p\u00ebr ndalimin e shitjeve promocionale p\u00ebr shkak se disa rrjete supermarketesh shfryt\u00ebzojn\u00eb mund\u00ebsit\u00eb t\u00eb mashtrojn\u00eb me fushtatat e caktuara n\u00eb lidhje me shitjet promocionale.<\/p>\n<p>Ministri Bekteshi gjithashtu njoftoi se nga java e ardhshme do t\u00eb realizohet edhe ngrirja e \u00e7mimeve n\u00eb industrin\u00eb ushqimore. N\u00eb takimin e djesh\u00ebm me p\u00ebrfaq\u00ebsues t\u00eb tet\u00eb zinxhir\u00ebve t\u00eb tregjeve, Bekteshi theksoi se m\u00eb shum\u00eb se 50 produkteve ushqimore baz\u00eb, prej t\u00eb cilave 90 p\u00ebr qind tatohen me TVSH 5 p\u00ebrqind, do t\u00eb ulen me rreth 10 p\u00ebr qind nga dita e m\u00ebrkur\u00eb.<\/p>\n<p>N\u00eb emisionin e mbr\u00ebmjes \u201cWin Win\u201d t\u00eb mbr\u00ebmjes s\u00eb kaluar Bekteshi sqaroi se ulja p\u00ebr 10 p\u00ebr qind e produkteve nuk do t\u00eb bazohet n\u00eb \u00e7mimet e shtatorit, por n\u00eb \u00e7mimet e muajve t\u00eb kaluar kur ishin n\u00eb fuqi disa nga masat q\u00eb vendosi qeveria.<\/p>\n<p>Gjat\u00eb k\u00ebsaj jave ministri i Ekonomis\u00eb Kreshnik Bekteshi njoftoi se deri m\u00eb 30 n\u00ebntor, do t\u00eb ndalohen shitjet promocionale t\u00eb disa produkteve ushqimore dhe fushatat e prezantuara nga supermarketet. Vendim sipas tij q\u00eb vjen p\u00ebr shkak t\u00eb mashtrimit me an\u00eb t\u00eb reduktimit dhe disa fushatave t\u00eb b\u00ebra nga shum\u00eb rrjete supermarketesh q\u00eb e kan\u00eb shfryt\u00ebzuar n\u00eb lidhje me \u00e7mimet promocionale.<\/p>\n<p>\u201cMinistria e Ekonomis\u00eb ka dor\u00ebzuar n\u00eb Qeveri nj\u00eb propozim-vendim me t\u00eb cilin do t\u00eb ndalohet ofrimi i shitjeve promocionale dhe promocionale nga t\u00eb gjitha rrjetet tregtare n\u00eb vendin ton\u00eb deri m\u00eb 30 n\u00ebntor. Ky mund t\u00eb duket si nj\u00eb vendim i \u00e7uditsh\u00ebm duke pasur parasysh se do t\u00eb ulim disa ulje \u00e7mimesh p\u00ebr qytetar\u00ebt, por nuk \u00ebsht\u00eb ashtu. Ne do t\u00eb dim\u00eb \u00e7mimin e sakt\u00eb t\u00eb nj\u00eb produkti t\u00eb caktuar, sa do t\u00eb jet\u00eb ai dhe jo ta llogarisim at\u00eb n\u00eb baza ditore apo javore me ato \u00e7mime dhe t\u00eb mashtrojm\u00eb konsumator\u00ebt\u201d, tha Bekteshi pas takimit t\u00eb mbajtur me drejtorin e Inspektoratit Shtet\u00ebror t\u00eb Tregut dhe drejtuesit e drejtorive rajonale t\u00eb Inspektoratit.<\/p>\n<p>Gjithashtu Bekteshi njoftoi se do t\u00eb realizohet edhe masa p\u00ebr ngrirjen e \u00e7mimeve n\u00eb industrin\u00eb ushqimore nga java e ardhshme, vendim p\u00ebr t\u00eb cilin e b\u00ebri t\u00eb ditur se do ta p\u00ebrcjelli n\u00eb qeveri, i cili do t\u00eb duhet t\u00eb miratohet n\u00eb seanc\u00ebn e ardhshme dit\u00ebn e mart\u00eb dhe do t\u00eb duhet t\u00eb hyj n\u00eb fuqi dit\u00ebn e m\u00ebrkur\u00eb ose t\u00eb enjten.<\/p>\n<p>Si dhe n\u00eb takimin e djesh\u00ebm me p\u00ebrfaq\u00ebsues t\u00eb tet\u00eb zinxhir\u00ebve t\u00eb tregjeve, Bekteshi theksoi se m\u00eb shum\u00eb se 50 produkteve ushqimore baz\u00eb, prej t\u00eb cilave 90 p\u00ebr qind tatohen me TVSH 5 p\u00ebrqind, do t\u00eb ulen me rreth 10 p\u00ebr qind nga dita e m\u00ebrkur\u00eb.<\/p>\n<p>\u201cNe pat\u00ebm nj\u00eb debat shum\u00eb konstruktiv dhe ram\u00eb dakord reciprokisht se ka vend p\u00ebr uljen e \u00e7mimeve. K\u00ebt\u00eb e kan\u00eb pranuar si nd\u00ebrmarrje shoq\u00ebrore p\u00ebrgjegj\u00ebse edhe rrjetet e supermarketeve, q\u00eb do t\u00eb thot\u00eb se vendimi i ministris\u00eb s\u00eb Ekonomis\u00eb do t\u00eb miratohet n\u00eb seanc\u00ebn e qeveris\u00eb t\u00eb mart\u00ebn dhe do t\u00eb zbatohet n\u00eb pjes\u00ebn e uljes s\u00eb \u00e7mimeve t\u00eb produkteve ushqimore n\u00eb t\u00eb gjitha rrjetet e supermarketeve. Aktualisht Ministria e Ekonomis\u00eb \u00ebsht\u00eb duke punuar n\u00eb masa shtes\u00eb p\u00ebr distributor\u00ebt dhe prodhuesit e produkteve ushqimore, t\u00eb cilat ndoshta nes\u00ebr do t\u00eb thirren n\u00eb mbledhje n\u00eb Ministri. Me k\u00ebt\u00eb, konsumator\u00ebt nuk do t\u00eb ndihen t\u00eb mashtruar dhe kostot e tyre nuk do t\u00eb rriten m\u00eb tej\u201d, ka th\u00ebn\u00eb Bekteshi.<\/p>\n<p>Bekteshi b\u00ebri t\u00eb ditur se ministria e Ekonimis\u00eb gjithashtu jav\u00ebn e ardhshme do t\u00eb realizoj\u00eb ndryshimin e Ligjit p\u00ebr Inspektoratin Shtet\u00ebror t\u00eb Tregut.<\/p>\n<p>\u201cDeri n\u00eb fund t\u00eb jav\u00ebs s\u00eb ardhshme do t\u00eb kemi zgjidhjen e re ligjore p\u00ebr praktikat e padrejta tregtare, e cila do t\u00eb heq\u00eb mbi 20 p\u00ebr qind t\u00eb detyrimeve t\u00eb caktuara n\u00eb zinxhirin e tregtis\u00eb, duke filluar nga prodhimi, deri n\u00eb shitje me pakic\u00eb, gj\u00eb q\u00eb do t\u00eb ndikoj\u00eb m\u00eb tej n\u00eb uljen e \u00e7mimeve. Zgjidhja ligjore do t\u00eb p\u00ebrcaktoj\u00eb m\u00ebnyr\u00ebn se si duhet t\u00eb b\u00ebhet kontrata mes rrjetit t\u00eb supermarketeve dhe furnitor\u00ebve t\u00eb tyre ose nga ana tjet\u00ebr zinxhirit t\u00eb supermarketeve dhe prodhuesve nga shteti\u201d, tha Bekteshi.<\/p>\n<p>Gjithashtu ministri b\u00ebri t\u00eb ditur se n\u00eb baza javore do t\u00eb monitorizorohen t\u00eb gjitha l\u00ebvizjet e \u00e7mimeve, ve\u00e7an\u00ebrisht n\u00eb industrin\u00eb ushqimore. Ai theksoi se t\u00eb gjith\u00eb t\u00eb p\u00ebrfshir\u00ebt n\u00eb zinxhirin tregtar, do t\u00eb jen\u00eb t\u00eb detyruar t\u00eb prodhojn\u00eb dhe t\u00eb furnizojn\u00eb s\u00eb paku 70 p\u00ebr qind t\u00eb sasive q\u00eb kan\u00eb furnizuar apo prodhuar muajin e kaluar.<\/p>\n<p>\u201cN\u00ebse n\u00eb sektor\u00ebt e tjer\u00eb vihet re se ka nj\u00eb devijim t\u00eb madh t\u00eb \u00e7mimeve, sepse k\u00ebtu nuk ofrohen pije alkoolike dhe joalkoolike dhe produkte higjenike, n\u00ebse do t\u00eb ket\u00eb rritje t\u00eb \u00e7mimeve p\u00ebr to, si p\u00ebr ushqimet, at\u00ebher\u00eb do t\u00eb veprojm\u00eb edhe k\u00ebtu. Disa kompani mund t\u00eb vendosin t\u00eb ulin prodhimin ose jo ofert\u00ebn sipas k\u00ebrkesave dhe nevojave t\u00eb shitjes me pakic\u00eb. Do t\u00eb jet\u00eb nj\u00eb detyrim shtes\u00eb dhe n\u00eb krye t\u00eb k\u00ebsaj do t\u00eb zgjerohet fush\u00ebveprimi dhe kompetencat e Inspektoratit Shtet\u00ebror t\u00eb Tregut&#8221;, ka th\u00ebn\u00eb Bekteshi.<\/p>\n<p>Gjithashtu Bekteshi shprehu zhg\u00ebnjim me me pun\u00ebn e Komisionit Shtet\u00ebror t\u00eb Konkurrenc\u00ebs, p\u00ebr shkak t\u00eb mosreagimit t\u00eb tij ndaj rritjes marramend\u00ebse t\u00eb \u00e7mimeve dhe mosrealizimit t\u00eb asnj\u00eb hulumtimi t\u00eb tregut. \/indeks.mk<\/p>\n","protected":false},"excerpt":{"rendered":"<p>Nga ministria e Ekonomis\u00eb, ministri Kreshnik Bekteshi njoftoi se \u00ebsht\u00eb marr\u00eb vendimi p\u00ebr ndalimin e shitjeve promocionale p\u00ebr shkak se disa rrjete supermarketesh shfryt\u00ebzojn\u00eb mund\u00ebsit\u00eb<\/p>\n","protected":false},"author":14,"featured_media":0,"comment_status":"open","ping_status":"open","sticky":false,"template":"","format":"standard","meta":{"footnotes":""},"categories":[44],"tags":[],"class_list":["post-16409","post","type-post","status-publish","format-standard","hentry","category-maqedoni"],"_links":{"self":[{"href":"https:\/\/indeks.bilten.mk\/index.php?rest_route=\/wp\/v2\/posts\/16409","targetHints":{"allow":["GET"]}}],"collection":[{"href":"https:\/\/indeks.bilten.mk\/index.php?rest_route=\/wp\/v2\/posts"}],"about":[{"href":"https:\/\/indeks.bilten.mk\/index.php?rest_route=\/wp\/v2\/types\/post"}],"author":[{"embeddable":true,"href":"https:\/\/indeks.bilten.mk\/index.php?rest_route=\/wp\/v2\/users\/14"}],"replies":[{"embeddable":true,"href":"https:\/\/indeks.bilten.mk\/index.php?rest_route=%2Fwp%2Fv2%2Fcomments&post=16409"}],"version-history":[{"count":0,"href":"https:\/\/indeks.bilten.mk\/index.php?rest_route=\/wp\/v2\/posts\/16409\/revisions"}],"wp:attachment":[{"href":"https:\/\/indeks.bilten.mk\/index.php?rest_route=%2Fwp%2Fv2%2Fmedia&parent=16409"}],"wp:term":[{"taxonomy":"category","embeddable":true,"href":"https:\/\/indeks.bilten.mk\/index.php?rest_route=%2Fwp%2Fv2%2Fcategories&post=16409"},{"taxonomy":"post_tag","embeddable":true,"href":"https:\/\/indeks.bilten.mk\/index.php?rest_route=%2Fwp%2Fv2%2Ftags&post=16409"}],"curies":[{"name":"wp","href":"https:\/\/api.w.org\/{rel}","templated":true}]}}